{"id":6903,"date":"2025-07-24T09:17:22","date_gmt":"2025-07-24T07:17:22","guid":{"rendered":"https:\/\/www.stefano-melis.com\/?p=6903"},"modified":"2025-07-24T09:46:49","modified_gmt":"2025-07-24T07:46:49","slug":"como-definir-el-objetivo-de-tu-proyecto-mas-alla-del-metodo-smart","status":"publish","type":"post","link":"https:\/\/www.stefano-melis.com\/it\/como-definir-el-objetivo-de-tu-proyecto-mas-alla-del-metodo-smart\/","title":{"rendered":"C\u00f3mo Definir el Objetivo de Tu Proyecto: M\u00e1s All\u00e1 del M\u00e9todo SMART"},"content":{"rendered":"<div data-elementor-type=\"wp-post\" data-elementor-id=\"6903\" class=\"elementor elementor-6903\" data-elementor-post-type=\"post\">\n\t\t\t\t<div class=\"elementor-element elementor-element-1f743fb e-flex e-con-boxed e-con e-parent\" data-id=\"1f743fb\" data-element_type=\"container\" data-e-type=\"container\">\n\t\t\t\t\t<div class=\"e-con-inner\">\n\t\t\t\t<div class=\"elementor-element elementor-element-25b9176 elementor-widget elementor-widget-heading\" data-id=\"25b9176\" data-element_type=\"widget\" data-e-type=\"widget\" data-widget_type=\"heading.default\">\n\t\t\t\t<div class=\"elementor-widget-container\">\n\t\t\t\t\t<h1 class=\"elementor-heading-title elementor-size-default\">C\u00f3mo Definir el Objetivo de Tu Proyecto: M\u00e1s All\u00e1 del M\u00e9todo SMART<\/h1>\t\t\t\t<\/div>\n\t\t\t\t<\/div>\n\t\t\t\t\t<\/div>\n\t\t\t\t<\/div>\n\t\t<div class=\"elementor-element elementor-element-89383f1 e-flex e-con-boxed e-con e-parent\" data-id=\"89383f1\" data-element_type=\"container\" data-e-type=\"container\">\n\t\t\t\t\t<div class=\"e-con-inner\">\n\t\t\t\t<div class=\"elementor-element elementor-element-5211b41 elementor-widget elementor-widget-text-editor\" data-id=\"5211b41\" data-element_type=\"widget\" data-e-type=\"widget\" data-widget_type=\"text-editor.default\">\n\t\t\t\t<div class=\"elementor-widget-container\">\n\t\t\t\t\t\t\t\t\t<p>Como <a href=\"https:\/\/www.stefano-melis.com\/it\/\"><b>consultor estrat\u00e9gico empresarial en Barcelona<\/b> <\/a>con m\u00e1s de 25 a\u00f1os de experiencia en el mundo de los negocios, he observado que uno de los desaf\u00edos m\u00e1s comunes para profesionales y empresarios es la falta de claridad en sus proyectos. La pregunta clave que surge a menudo es: \u00ab\u00bfPor d\u00f3nde empiezo para hacer crecer mi negocio o lanzar una nueva iniciativa?\u00bb. Mi respuesta es siempre la misma y contundente: <b>definiendo con precisi\u00f3n el objetivo de tu proyecto<\/b>. Sin una meta clara, es como intentar navegar sin un destino; puedes esforzarte mucho, pero rara vez llegar\u00e1s a donde realmente quieres.<\/p>\t\t\t\t\t\t\t\t<\/div>\n\t\t\t\t<\/div>\n\t\t\t\t<div class=\"elementor-element elementor-element-82c5cd1 elementor-blockquote--skin-border elementor-widget elementor-widget-blockquote\" data-id=\"82c5cd1\" data-element_type=\"widget\" data-e-type=\"widget\" data-widget_type=\"blockquote.default\">\n\t\t\t\t<div class=\"elementor-widget-container\">\n\t\t\t\t\t\t\t<blockquote class=\"elementor-blockquote\">\n\t\t\t<p class=\"elementor-blockquote__content\">\n\t\t\t\tEl m\u00e9todo SMART (Espec\u00edfico, Medible, Alcanzable, Relevante, Temporal) es la base para cualquier objetivo bien formulado. Es el \"ABC\" que ense\u00f1a a escribir metas claras. Pero, \u00bfqu\u00e9 pasa cuando necesitas que ese objetivo no solo sea un buen enunciado, sino el motor real de tu empresa? \u00bfC\u00f3mo te aseguras de que no se quede en un papel y se convierta en una transformaci\u00f3n palpable?\t\t\t<\/p>\n\t\t\t\t\t\t\t<div class=\"e-q-footer\">\n\t\t\t\t\t\t\t\t\t\t\t<cite class=\"elementor-blockquote__author\">Stefano Melis<\/cite>\n\t\t\t\t\t\t\t\t\t\t\t\t\t\t<\/div>\n\t\t\t\t\t<\/blockquote>\n\t\t\t\t\t\t<\/div>\n\t\t\t\t<\/div>\n\t\t\t\t<div class=\"elementor-element elementor-element-f447b3f elementor-widget elementor-widget-text-editor\" data-id=\"f447b3f\" data-element_type=\"widget\" data-e-type=\"widget\" data-widget_type=\"text-editor.default\">\n\t\t\t\t<div class=\"elementor-widget-container\">\n\t\t\t\t\t\t\t\t\t<p>Para cualquier profesional, emprendedor o l\u00edder, un objetivo de proyecto no es solo un n\u00famero o una fecha; es la v\u00eda para <b>mejorar tu rendimiento, optimizar tu carga de trabajo y hacer crecer tu negocio sin agotamiento<\/b>. Vamos a explorar c\u00f3mo ir m\u00e1s all\u00e1 de lo SMART para darle a tus objetivos la profundidad, el prop\u00f3sito y la tracci\u00f3n que necesitan.<\/p>\t\t\t\t\t\t\t\t<\/div>\n\t\t\t\t<\/div>\n\t\t\t\t\t<\/div>\n\t\t\t\t<\/div>\n\t\t<div class=\"elementor-element elementor-element-c1cc7be e-flex e-con-boxed e-con e-parent\" data-id=\"c1cc7be\" data-element_type=\"container\" data-e-type=\"container\">\n\t\t\t\t\t<div class=\"e-con-inner\">\n\t\t\t\t<div class=\"elementor-element elementor-element-7452a1f elementor-widget elementor-widget-heading\" data-id=\"7452a1f\" data-element_type=\"widget\" data-e-type=\"widget\" data-widget_type=\"heading.default\">\n\t\t\t\t<div class=\"elementor-widget-container\">\n\t\t\t\t\t<h2 class=\"elementor-heading-title elementor-size-default\">\u00bfPor Qu\u00e9 Ir M\u00e1s All\u00e1 de lo SMART? El Prop\u00f3sito es la Clave<\/h2>\t\t\t\t<\/div>\n\t\t\t\t<\/div>\n\t\t\t\t<div class=\"elementor-element elementor-element-30a0566 elementor-widget elementor-widget-text-editor\" data-id=\"30a0566\" data-element_type=\"widget\" data-e-type=\"widget\" data-widget_type=\"text-editor.default\">\n\t\t\t\t<div class=\"elementor-widget-container\">\n\t\t\t\t\t\t\t\t\t<p>El m\u00e9todo SMART te dice \u00abqu\u00e9\u00bb y \u00abcu\u00e1ndo\u00bb. Pero no siempre responde al <b>\u00abpor qu\u00e9\u00bb<\/b> profundo. Sin un \u00abpor qu\u00e9\u00bb robusto y significativo, incluso los objetivos m\u00e1s \u00absmart\u00bb pueden perder fuerza cuando aparecen los primeros obst\u00e1culos.<\/p><p><span style=\"background-color: rgba(0, 0, 0, 0);\">Un objetivo de proyecto efectivo debe conectar con la <b>visi\u00f3n<\/b> de tu empresa y el <b>impacto <\/b>que quieres generar. Tu \u00abpor qu\u00e9\u00bb podr\u00eda ser liberar tiempo para tu vida personal, o alcanzar una facturaci\u00f3n que te permita expandir tu equipo sin estr\u00e9s. Es <b>tu libertad<\/b> y la de tu negocio.<\/span><\/p><p><span style=\"background-color: rgba(0, 0, 0, 0);\"><b>Concepto Clave a Inculcar<\/b>: Un objetivo no solo es una meta; es la <b>expresi\u00f3n de un prop\u00f3sito<\/b> que le da sentido y motivaci\u00f3n a cada acci\u00f3n.<\/span><\/p>\t\t\t\t\t\t\t\t<\/div>\n\t\t\t\t<\/div>\n\t\t\t\t\t<\/div>\n\t\t\t\t<\/div>\n\t\t<div class=\"elementor-element elementor-element-d762cac e-flex e-con-boxed e-con e-parent\" data-id=\"d762cac\" data-element_type=\"container\" data-e-type=\"container\">\n\t\t\t\t\t<div class=\"e-con-inner\">\n\t\t\t\t<div class=\"elementor-element elementor-element-17125d2 elementor-widget elementor-widget-heading\" data-id=\"17125d2\" data-element_type=\"widget\" data-e-type=\"widget\" data-widget_type=\"heading.default\">\n\t\t\t\t<div class=\"elementor-widget-container\">\n\t\t\t\t\t<h2 class=\"elementor-heading-title elementor-size-default\">De lo SMART a lo DUMB (So\u00f1ador, Entendible, Motivador, Beneficioso)<\/h2>\t\t\t\t<\/div>\n\t\t\t\t<\/div>\n\t\t\t\t<div class=\"elementor-element elementor-element-1dd497b elementor-widget elementor-widget-text-editor\" data-id=\"1dd497b\" data-element_type=\"widget\" data-e-type=\"widget\" data-widget_type=\"text-editor.default\">\n\t\t\t\t<div class=\"elementor-widget-container\">\n\t\t\t\t\t\t\t\t\t<p>Mientras que SMART estructura, DUMB (Dreamy, Understandable, Motivational, Beneficial) da vida y alma al objetivo:<\/p><ul><li><strong>Dreamy (So\u00f1ador)<\/strong>: Que tu objetivo te inspire, te haga so\u00f1ar en grande. No solo debe ser \u00abalcanzable\u00bb, sino tambi\u00e9n <strong>desafiante y emocionante<\/strong>. \u00bfC\u00f3mo se ve tu empresa ideal?<\/li><li><strong>Understandable (Entendible)<\/strong>: Que sea f\u00e1cil de comprender por todos. Si tu equipo no entiende el objetivo, no podr\u00e1 ayudarte a alcanzarlo. La <strong>claridad es poder<\/strong>.<\/li><li><strong>Motivational (Motivador)<\/strong>: Que te impulse a ti y a tu equipo. Debe conectar con valores, prop\u00f3sitos y recompensas. <strong>La emoci\u00f3n es el pegamento de la acci\u00f3n<\/strong>.<\/li><li><strong>Beneficial (Beneficioso)<\/strong>: \u00bfA qui\u00e9n beneficia este objetivo? A ti, a tu equipo, a tus clientes, a la comunidad. El <strong>impacto positivo<\/strong> multiplica el compromiso.<\/li><\/ul><p><b>Concepto Clave a Inculcar<\/b>: Un gran objetivo es una fuente de inspiraci\u00f3n y de significado, no solo una tarea en una lista.<\/p>\t\t\t\t\t\t\t\t<\/div>\n\t\t\t\t<\/div>\n\t\t\t\t\t<\/div>\n\t\t\t\t<\/div>\n\t\t<div class=\"elementor-element elementor-element-4270710 e-flex e-con-boxed e-con e-parent\" data-id=\"4270710\" data-element_type=\"container\" data-e-type=\"container\">\n\t\t\t\t\t<div class=\"e-con-inner\">\n\t\t\t\t<div class=\"elementor-element elementor-element-3f14617 elementor-widget elementor-widget-heading\" data-id=\"3f14617\" data-element_type=\"widget\" data-e-type=\"widget\" data-widget_type=\"heading.default\">\n\t\t\t\t<div class=\"elementor-widget-container\">\n\t\t\t\t\t<h2 class=\"elementor-heading-title elementor-size-default\">La Matriz de Impacto y Esfuerzo: Prioriza con Inteligencia<\/h2>\t\t\t\t<\/div>\n\t\t\t\t<\/div>\n\t\t\t\t<div class=\"elementor-element elementor-element-83833b0 elementor-widget elementor-widget-text-editor\" data-id=\"83833b0\" data-element_type=\"widget\" data-e-type=\"widget\" data-widget_type=\"text-editor.default\">\n\t\t\t\t<div class=\"elementor-widget-container\">\n\t\t\t\t\t\t\t\t\t<p>Antes de lanzarte a definir objetivos, eval\u00faa d\u00f3nde poner tu energ\u00eda. No todos los objetivos tienen el mismo impacto ni requieren el mismo esfuerzo. Usa una matriz simple:<\/p><ul><li><strong>Alto Impacto \/ Bajo Esfuerzo<\/strong>: \u00a1Hazlos YA! (Ej: Optimizar un proceso interno que reduce un 5% el tiempo de respuesta).<\/li><li><strong>Alto Impacto \/ Alto Esfuerzo<\/strong>: Planif\u00edcalos con detalle. Son tus objetivos estrat\u00e9gicos clave. (Ej: Implementar un nuevo sistema de gesti\u00f3n integral).<\/li><li><strong>Bajo Impacto \/ Bajo Esfuerzo<\/strong>: Hazlos si tienes tiempo. (Ej: Reorganizar archivos digitales menos usados).<\/li><li><strong>Bajo Impacto \/ Alto Esfuerzo<\/strong>: \u00a1Ev\u00edtalos o elimina! (Ej: Crear un manual exhaustivo para una tarea que rara vez se repite).<\/li><\/ul><p><strong>Concepto Clave a Inculcar<\/strong>: La claridad en la priorizaci\u00f3n te permite enfocar tu limitada energ\u00eda donde realmente cuenta.<\/p>\t\t\t\t\t\t\t\t<\/div>\n\t\t\t\t<\/div>\n\t\t\t\t\t<\/div>\n\t\t\t\t<\/div>\n\t\t<div class=\"elementor-element elementor-element-e26a7c0 e-flex e-con-boxed e-con e-parent\" data-id=\"e26a7c0\" data-element_type=\"container\" data-e-type=\"container\">\n\t\t\t\t\t<div class=\"e-con-inner\">\n\t\t\t\t<div class=\"elementor-element elementor-element-bfb6d14 elementor-widget elementor-widget-heading\" data-id=\"bfb6d14\" data-element_type=\"widget\" data-e-type=\"widget\" data-widget_type=\"heading.default\">\n\t\t\t\t<div class=\"elementor-widget-container\">\n\t\t\t\t\t<h2 class=\"elementor-heading-title elementor-size-default\">Conecta el Objetivo con tu ADN Empresarial<\/h2>\t\t\t\t<\/div>\n\t\t\t\t<\/div>\n\t\t\t\t<div class=\"elementor-element elementor-element-b3e5490 elementor-widget elementor-widget-text-editor\" data-id=\"b3e5490\" data-element_type=\"widget\" data-e-type=\"widget\" data-widget_type=\"text-editor.default\">\n\t\t\t\t<div class=\"elementor-widget-container\">\n\t\t\t\t\t\t\t\t\t<p>Para que un objetivo trascienda, debe estar alineado con el <b>prop\u00f3sito, la visi\u00f3n y los valores (ADN) de tu empres<\/b>a.<\/p>\t\t\t\t\t\t\t\t<\/div>\n\t\t\t\t<\/div>\n\t\t\t\t<div class=\"elementor-element elementor-element-7118785 elementor-widget elementor-widget-ucaddon_vertical_curve_timeline\" data-id=\"7118785\" data-element_type=\"widget\" data-e-type=\"widget\" data-widget_type=\"ucaddon_vertical_curve_timeline.default\">\n\t\t\t\t<div class=\"elementor-widget-container\">\n\t\t\t\t\t\n<!-- start Vertical Curved Timeline -->\n\t\t<link id='font-awesome-css' href='https:\/\/www.stefano-melis.com\/wp-content\/plugins\/unlimited-elements-for-elementor-premium\/assets_libraries\/font-awesome6\/fontawesome-all.min.css' type='text\/css' rel='stylesheet' >\n\t\t<link id='font-awesome-4-shim-css' href='https:\/\/www.stefano-melis.com\/wp-content\/plugins\/unlimited-elements-for-elementor-premium\/assets_libraries\/font-awesome6\/fontawesome-v4-shims.min.css' type='text\/css' rel='stylesheet' >\n\n<style>\/* widget: Vertical Curved Timeline *\/\n\n#uc_vertical_curve_timeline_elementor_7118785.ue-container{\n  width: 100%;\n  display: flex;\n  align-items: center;\n}\n\n\/* Timeline Container *\/\n\n#uc_vertical_curve_timeline_elementor_7118785 .ue-timeline {\n  width:100%;\n  margin: 0 auto;\n  padding: 0 20px;\n}\n\n#uc_vertical_curve_timeline_elementor_7118785 .ue-item-image{\n  overflow:hidden;\n}\n\n#uc_vertical_curve_timeline_elementor_7118785 .ue-item-image img{\n  width:100%;\n  height: 100%;\n  transition:0.3s;\n}\n\n\/* Card container *\/\n#uc_vertical_curve_timeline_elementor_7118785 .ue-card {\n  position: relative;\n  display: flex;\n}\n\n#uc_vertical_curve_timeline_elementor_7118785 .ue-slno{\n  border-radius: 50%;\n  position: absolute;\n  top: 50%;\n  left: 0;\n  transform: translate(-50%, -50%);\n  display: grid;\n  place-content: center;\n}\n\n\/* setting padding based on even or odd *\/\n  #uc_vertical_curve_timeline_elementor_7118785 .ue-card:nth-child(odd) {\n    padding: 30px 0 30px 30px;\n  }\n  #uc_vertical_curve_timeline_elementor_7118785 .ue-card:nth-child(even) {\n    padding: 30px 30px 30px 0;\n  }\n  \/* Global ::before *\/\n  #uc_vertical_curve_timeline_elementor_7118785 .ue-card::before {\n    content: \"\";\n    position: absolute;\n    width: 50%;\n  }\n\n  \/* Setting the border of top, bottom, left *\/\n  #uc_vertical_curve_timeline_elementor_7118785 .ue-card:nth-child(odd)::before {\n    left: 0px;\n    top: -5px;\n    bottom: -5px;\n    border-width: 5px 0 5px 5px;\n    border-radius: 20px 0 0 20px;\n  }\n\n  \/* Setting the top and bottom to \"-5px\" because earlier it was out of a pixel in mobile devices *\/\n  @media only screen and (max-width: 400px) {\n    #uc_vertical_curve_timeline_elementor_7118785 .ue-card:nth-child(odd)::before {\n      top: -5px;\n      bottom: -5px;\n    }\n  }\n\n  \/* Setting the border of top, bottom, right *\/\n  #uc_vertical_curve_timeline_elementor_7118785 .ue-card:nth-child(even)::before {\n    right: 0;\n    top: 0;\n    bottom: 0;\n    border-width: 5px 5px 5px 0;\n    border-radius: 0 20px 20px 0;\n  }\n\n  \/* Removing the border if it is the first card *\/\n  #uc_vertical_curve_timeline_elementor_7118785 .ue-card:first-child::before {\n    border-top: 0;\n    border-top-left-radius: 0;\n  }\n\n  \/* Removing the border if it is the last card  and it's odd *\/\n  #uc_vertical_curve_timeline_elementor_7118785 .ue-card:last-child:nth-child(odd)::before {\n    border-bottom: 0;\n    border-bottom-left-radius: 0;\n  }\n\n  \/* Removing the border if it is the last card  and it's even *\/\n  #uc_vertical_curve_timeline_elementor_7118785 .ue-card:last-child:nth-child(even)::before {\n    border-bottom: 0;\n    border-bottom-right-radius: 0;\n  }\n\n  \/* Information about the timeline *\/\n  #uc_vertical_curve_timeline_elementor_7118785 .ue-info {\n    display: flex;\n    flex-direction: column;\n    border-radius: 10px;\n    padding: 10px;\n    width: 100%;\n  }\n\n  \/* Title of the card *\/\n  #uc_vertical_curve_timeline_elementor_7118785 .ue-title {\n    position: relative;\n  }\n\n  \/* Timeline dot  *\/\n\n  \/* text right if the card is even  *\/\n  #uc_vertical_curve_timeline_elementor_7118785 .ue-card:nth-child(even) {\n    text-align: right;\n  }\n\n  #uc_vertical_curve_timeline_elementor_7118785 .ue-card:nth-child(even) .ue-item-image{\n    margin-left: auto;\n  }\n\n  #uc_vertical_curve_timeline_elementor_7118785 .ue-card:nth-child(even) .ue-info{\n    padding-right: 20px;\n    margin-left: auto;\n  }\n\n  #uc_vertical_curve_timeline_elementor_7118785 .ue-card:nth-child(odd) .ue-info{\n    padding-left: 20px;\n  }\n\n  \/* setting dot to the left if the card is odd *\/\n  #uc_vertical_curve_timeline_elementor_7118785 .ue-card:nth-child(odd) > .ue-info > .ue-title::before {\n    left: -45px;\n  }\n\n  #uc_vertical_curve_timeline_elementor_7118785 .ue-card:nth-child(even) > .ue-slno{\n    right: 0%;\n    left: auto;\n    transform: translate(50%, -50%);\n    margin-right:2px;\n  }\n\n  #uc_vertical_curve_timeline_elementor_7118785 .ue-card:nth-child(odd) > .ue-slno{\n    margin-left:2px;\n  }\n\n  #uc_vertical_curve_timeline_elementor_7118785 .ue-card:nth-child(1)::before{\n    height: 50%;\n    top: auto;\n  }\n\n  #uc_vertical_curve_timeline_elementor_7118785 .ue-card:last-child::before{\n    height: 50%;\n  }\n\n  #uc_vertical_curve_timeline_elementor_7118785 .ue-button-link{\n    width:fit-content;\n    z-index: 100;\n  }\n\n  #uc_vertical_curve_timeline_elementor_7118785 .ue-card:nth-child(even) .ue-button-link {\n    margin-left:auto;\n  }\n\n\n\n<\/style>\n\n<div id=\"uc_vertical_curve_timeline_elementor_7118785\" class=\"ue-container\">\n  <div class=\"ue-timeline\">\n    <div class=\"ue-outer\">              \n      <div class=\"ue-card elementor-repeater-item-cc17872\">\n  \n  <div class=\"ue-slno\">\n    1          \n  <\/div>\n  \n  <div class=\"ue-info\">\n                    \t\n    <h3 class=\"ue-title\">Prop\u00f3sito<\/h3>        <div class=\"ue-description\">\u00bfPor qu\u00e9 existe tu organizaci\u00f3n? (Ej: \"Ofrecer soluciones innovadoras para la eficiencia empresarial\").<\/div>               <\/div>\n<\/div>\n<div class=\"ue-card elementor-repeater-item-a9c4473\">\n  \n  <div class=\"ue-slno\">\n    2          \n  <\/div>\n  \n  <div class=\"ue-info\">\n                    \t\n    <h3 class=\"ue-title\">Visi\u00f3n<\/h3>        <div class=\"ue-description\">\u00bfQu\u00e9 quieres que sea tu negocio en el futuro? (Ej: \"Ser el referente en consultor\u00eda estrat\u00e9gica para PYMES en la regi\u00f3n X\").<\/div>               <\/div>\n<\/div>\n<div class=\"ue-card elementor-repeater-item-29a0269\">\n  \n  <div class=\"ue-slno\">\n    3          \n  <\/div>\n  \n  <div class=\"ue-info\">\n                    \t\n    <h3 class=\"ue-title\">Valores<\/h3>        <div class=\"ue-description\">\u00bfQu\u00e9 principios gu\u00edan tus decisiones? (Ej: Excelencia, innovaci\u00f3n, integridad, cliente primero).<\/div>               <\/div>\n<\/div>\n\n    <\/div>\n  <\/div>\n<\/div>\n<!-- end Vertical Curved Timeline -->\t\t\t\t<\/div>\n\t\t\t\t<\/div>\n\t\t\t\t<div class=\"elementor-element elementor-element-7a973c4 elementor-widget elementor-widget-text-editor\" data-id=\"7a973c4\" data-element_type=\"widget\" data-e-type=\"widget\" data-widget_type=\"text-editor.default\">\n\t\t\t\t<div class=\"elementor-widget-container\">\n\t\t\t\t\t\t\t\t\t<p>Si tu objetivo es \u00abaumentar las ventas de un producto espec\u00edfico\u00bb, pero tus valores se centran en la \u00absostenibilidad y el impacto social\u00bb, puede haber una desconexi\u00f3n. Aseg\u00farate de que tu objetivo resuene con la esencia de tu empresa.<\/p><p><span style=\"background-color: rgba(0, 0, 0, 0);\"><b>Concepto Clave a Inculcar<\/b>: La <b>coherencia entre tus objetivos y tu identidad empresarial<\/b> potencia la tracci\u00f3n y el compromiso genuino.<\/span><\/p>\t\t\t\t\t\t\t\t<\/div>\n\t\t\t\t<\/div>\n\t\t\t\t\t<\/div>\n\t\t\t\t<\/div>\n\t\t<div class=\"elementor-element elementor-element-fc3db32 e-flex e-con-boxed e-con e-parent\" data-id=\"fc3db32\" data-element_type=\"container\" data-e-type=\"container\">\n\t\t\t\t\t<div class=\"e-con-inner\">\n\t\t\t\t<div class=\"elementor-element elementor-element-d65ae76 elementor-widget elementor-widget-heading\" data-id=\"d65ae76\" data-element_type=\"widget\" data-e-type=\"widget\" data-widget_type=\"heading.default\">\n\t\t\t\t<div class=\"elementor-widget-container\">\n\t\t\t\t\t<h2 class=\"elementor-heading-title elementor-size-default\">Monitoreo y Adaptaci\u00f3n: Tu Objetivo es un Faro, No un Ancla<\/h2>\t\t\t\t<\/div>\n\t\t\t\t<\/div>\n\t\t\t\t<div class=\"elementor-element elementor-element-29d6f80 elementor-widget elementor-widget-text-editor\" data-id=\"29d6f80\" data-element_type=\"widget\" data-e-type=\"widget\" data-widget_type=\"text-editor.default\">\n\t\t\t\t<div class=\"elementor-widget-container\">\n\t\t\t\t\t\t\t\t\t<p>Un objetivo no es una sentencia inmutable. El entorno empresarial es <strong>VUCA\/BANI<\/strong> (vol\u00e1til, incierto, complejo, ambiguo \/ fr\u00e1gil, ansioso, no lineal, incomprensible). Tu objetivo debe ser un faro que te gu\u00eda, no un ancla que te detiene.<\/p><ul><li><strong>Revisa peri\u00f3dicamente<\/strong>: Al menos mensualmente o trimestralmente, preg\u00fantate si tu objetivo sigue siendo relevante y si el camino para alcanzarlo es el adecuado.<\/li><li><strong>S\u00e9 flexible<\/strong>: Si las circunstancias cambian (nueva normativa, tecnolog\u00eda disruptiva, cambios en las necesidades del mercado), adapta tu objetivo o la estrategia para lograrlo. La <strong>adaptabilidad<\/strong> es la clave de la supervivencia y el crecimiento.<\/li><\/ul><p><strong>Concepto Clave a Inculcar<\/strong>: La <strong>capacidad de adaptaci\u00f3n<\/strong> es tan importante como la claridad inicial de un objetivo.<\/p>\t\t\t\t\t\t\t\t<\/div>\n\t\t\t\t<\/div>\n\t\t\t\t\t<\/div>\n\t\t\t\t<\/div>\n\t\t\t\t<\/div>","protected":false},"excerpt":{"rendered":"<p>Como consultor estrat\u00e9gico empresarial en Barcelona con m\u00e1s de 25 a\u00f1os de experiencia en el mundo de los negocios, he observado que uno de los desaf\u00edos m\u00e1s comunes para profesionales y empresarios es la falta de claridad en sus proyectos. La pregunta clave que surge a menudo es: \u00ab\u00bfPor d\u00f3nde empiezo para hacer crecer mi&#8230;<\/p>","protected":false},"author":5,"featured_media":6905,"comment_status":"closed","ping_status":"closed","sticky":false,"template":"","format":"standard","meta":{"inline_featured_image":false,"_kad_post_transparent":"","_kad_post_title":"","_kad_post_layout":"","_kad_post_sidebar_id":"","_kad_post_content_style":"","_kad_post_vertical_padding":"","_kad_post_feature":"","_kad_post_feature_position":"","_kad_post_header":false,"_kad_post_footer":false,"_kad_post_classname":"","footnotes":""},"categories":[59],"tags":[],"class_list":["post-6903","post","type-post","status-publish","format-standard","has-post-thumbnail","hentry","category-estrategia"],"yoast_head":"<!-- This site is optimized with the Yoast SEO plugin v27.5 - https:\/\/yoast.com\/product\/yoast-seo-wordpress\/ -->\n<title>C\u00f3mo Definir el Objetivo de tu Proyecto - Stefano Melis<\/title>\n<meta name=\"description\" content=\"Te ayudamos a definir el objetivo de tu proyecto con este art\u00edculo a tener muy en cuenta para emprendedores y startups. Inf\u00f3rmate.\" \/>\n<meta name=\"robots\" content=\"index, follow, max-snippet:-1, max-image-preview:large, max-video-preview:-1\" \/>\n<link rel=\"canonical\" href=\"https:\/\/www.stefano-melis.com\/it\/como-definir-el-objetivo-de-tu-proyecto-mas-alla-del-metodo-smart\/\" \/>\n<meta property=\"og:locale\" content=\"it_IT\" \/>\n<meta property=\"og:type\" content=\"article\" \/>\n<meta property=\"og:title\" content=\"C\u00f3mo Definir el Objetivo de tu Proyecto - Stefano Melis\" \/>\n<meta property=\"og:description\" content=\"Te ayudamos a definir el objetivo de tu proyecto con este art\u00edculo a tener muy en cuenta para emprendedores y startups. Inf\u00f3rmate.\" \/>\n<meta property=\"og:url\" content=\"https:\/\/www.stefano-melis.com\/it\/como-definir-el-objetivo-de-tu-proyecto-mas-alla-del-metodo-smart\/\" \/>\n<meta property=\"og:site_name\" content=\"Stefano Melis\" \/>\n<meta property=\"article:published_time\" content=\"2025-07-24T07:17:22+00:00\" \/>\n<meta property=\"article:modified_time\" content=\"2025-07-24T07:46:49+00:00\" \/>\n<meta property=\"og:image\" content=\"https:\/\/www.stefano-melis.com\/wp-content\/uploads\/2025\/07\/Objetivo-de-tu-proyecto-scaled.jpg\" \/>\n\t<meta property=\"og:image:width\" content=\"2560\" \/>\n\t<meta property=\"og:image:height\" content=\"1707\" \/>\n\t<meta property=\"og:image:type\" content=\"image\/jpeg\" \/>\n<meta name=\"author\" content=\"Academia del Empresario\" \/>\n<meta name=\"twitter:card\" content=\"summary_large_image\" \/>\n<meta name=\"twitter:label1\" content=\"Scritto da\" \/>\n\t<meta name=\"twitter:data1\" content=\"Academia del Empresario\" \/>\n\t<meta name=\"twitter:label2\" content=\"Tempo di lettura stimato\" \/>\n\t<meta name=\"twitter:data2\" content=\"4 minuti\" \/>\n<script type=\"application\/ld+json\" class=\"yoast-schema-graph\">{\"@context\":\"https:\\\/\\\/schema.org\",\"@graph\":[{\"@type\":\"Article\",\"@id\":\"https:\\\/\\\/www.stefano-melis.com\\\/como-definir-el-objetivo-de-tu-proyecto-mas-alla-del-metodo-smart\\\/#article\",\"isPartOf\":{\"@id\":\"https:\\\/\\\/www.stefano-melis.com\\\/como-definir-el-objetivo-de-tu-proyecto-mas-alla-del-metodo-smart\\\/\"},\"author\":{\"name\":\"Academia del Empresario\",\"@id\":\"https:\\\/\\\/www.stefano-melis.com\\\/#\\\/schema\\\/person\\\/11bea5ff8647f5fe6da3357a73dace98\"},\"headline\":\"C\u00f3mo Definir el Objetivo de Tu Proyecto: M\u00e1s All\u00e1 del M\u00e9todo SMART\",\"datePublished\":\"2025-07-24T07:17:22+00:00\",\"dateModified\":\"2025-07-24T07:46:49+00:00\",\"mainEntityOfPage\":{\"@id\":\"https:\\\/\\\/www.stefano-melis.com\\\/como-definir-el-objetivo-de-tu-proyecto-mas-alla-del-metodo-smart\\\/\"},\"wordCount\":977,\"image\":{\"@id\":\"https:\\\/\\\/www.stefano-melis.com\\\/como-definir-el-objetivo-de-tu-proyecto-mas-alla-del-metodo-smart\\\/#primaryimage\"},\"thumbnailUrl\":\"https:\\\/\\\/www.stefano-melis.com\\\/wp-content\\\/uploads\\\/2025\\\/07\\\/Objetivo-de-tu-proyecto-scaled.jpg\",\"articleSection\":[\"Estrategia\"],\"inLanguage\":\"it-IT\"},{\"@type\":\"WebPage\",\"@id\":\"https:\\\/\\\/www.stefano-melis.com\\\/como-definir-el-objetivo-de-tu-proyecto-mas-alla-del-metodo-smart\\\/\",\"url\":\"https:\\\/\\\/www.stefano-melis.com\\\/como-definir-el-objetivo-de-tu-proyecto-mas-alla-del-metodo-smart\\\/\",\"name\":\"C\u00f3mo Definir el Objetivo de tu Proyecto - Stefano Melis\",\"isPartOf\":{\"@id\":\"https:\\\/\\\/www.stefano-melis.com\\\/#website\"},\"primaryImageOfPage\":{\"@id\":\"https:\\\/\\\/www.stefano-melis.com\\\/como-definir-el-objetivo-de-tu-proyecto-mas-alla-del-metodo-smart\\\/#primaryimage\"},\"image\":{\"@id\":\"https:\\\/\\\/www.stefano-melis.com\\\/como-definir-el-objetivo-de-tu-proyecto-mas-alla-del-metodo-smart\\\/#primaryimage\"},\"thumbnailUrl\":\"https:\\\/\\\/www.stefano-melis.com\\\/wp-content\\\/uploads\\\/2025\\\/07\\\/Objetivo-de-tu-proyecto-scaled.jpg\",\"datePublished\":\"2025-07-24T07:17:22+00:00\",\"dateModified\":\"2025-07-24T07:46:49+00:00\",\"author\":{\"@id\":\"https:\\\/\\\/www.stefano-melis.com\\\/#\\\/schema\\\/person\\\/11bea5ff8647f5fe6da3357a73dace98\"},\"description\":\"Te ayudamos a definir el objetivo de tu proyecto con este art\u00edculo a tener muy en cuenta para emprendedores y startups. Inf\u00f3rmate.\",\"breadcrumb\":{\"@id\":\"https:\\\/\\\/www.stefano-melis.com\\\/como-definir-el-objetivo-de-tu-proyecto-mas-alla-del-metodo-smart\\\/#breadcrumb\"},\"inLanguage\":\"it-IT\",\"potentialAction\":[{\"@type\":\"ReadAction\",\"target\":[\"https:\\\/\\\/www.stefano-melis.com\\\/como-definir-el-objetivo-de-tu-proyecto-mas-alla-del-metodo-smart\\\/\"]}]},{\"@type\":\"ImageObject\",\"inLanguage\":\"it-IT\",\"@id\":\"https:\\\/\\\/www.stefano-melis.com\\\/como-definir-el-objetivo-de-tu-proyecto-mas-alla-del-metodo-smart\\\/#primaryimage\",\"url\":\"https:\\\/\\\/www.stefano-melis.com\\\/wp-content\\\/uploads\\\/2025\\\/07\\\/Objetivo-de-tu-proyecto-scaled.jpg\",\"contentUrl\":\"https:\\\/\\\/www.stefano-melis.com\\\/wp-content\\\/uploads\\\/2025\\\/07\\\/Objetivo-de-tu-proyecto-scaled.jpg\",\"width\":2560,\"height\":1707,\"caption\":\"Objetivo de tu proyecto\"},{\"@type\":\"BreadcrumbList\",\"@id\":\"https:\\\/\\\/www.stefano-melis.com\\\/como-definir-el-objetivo-de-tu-proyecto-mas-alla-del-metodo-smart\\\/#breadcrumb\",\"itemListElement\":[{\"@type\":\"ListItem\",\"position\":1,\"name\":\"Portada\",\"item\":\"https:\\\/\\\/www.stefano-melis.com\\\/\"},{\"@type\":\"ListItem\",\"position\":2,\"name\":\"C\u00f3mo Definir el Objetivo de Tu Proyecto: M\u00e1s All\u00e1 del M\u00e9todo SMART\"}]},{\"@type\":\"WebSite\",\"@id\":\"https:\\\/\\\/www.stefano-melis.com\\\/#website\",\"url\":\"https:\\\/\\\/www.stefano-melis.com\\\/\",\"name\":\"Stefano Melis - Consultor estrat\u00e9gico empresarial\",\"description\":\"Consultor estrat\u00e9gico empresarial\",\"potentialAction\":[{\"@type\":\"SearchAction\",\"target\":{\"@type\":\"EntryPoint\",\"urlTemplate\":\"https:\\\/\\\/www.stefano-melis.com\\\/?s={search_term_string}\"},\"query-input\":{\"@type\":\"PropertyValueSpecification\",\"valueRequired\":true,\"valueName\":\"search_term_string\"}}],\"inLanguage\":\"it-IT\"},{\"@type\":\"Person\",\"@id\":\"https:\\\/\\\/www.stefano-melis.com\\\/#\\\/schema\\\/person\\\/11bea5ff8647f5fe6da3357a73dace98\",\"name\":\"Academia del Empresario\",\"image\":{\"@type\":\"ImageObject\",\"inLanguage\":\"it-IT\",\"@id\":\"https:\\\/\\\/secure.gravatar.com\\\/avatar\\\/9b10a872fa0edad9c0afe23eec9d56795bc10cb5e16a31f09009c893cd9249cc?s=96&d=mm&r=g\",\"url\":\"https:\\\/\\\/secure.gravatar.com\\\/avatar\\\/9b10a872fa0edad9c0afe23eec9d56795bc10cb5e16a31f09009c893cd9249cc?s=96&d=mm&r=g\",\"contentUrl\":\"https:\\\/\\\/secure.gravatar.com\\\/avatar\\\/9b10a872fa0edad9c0afe23eec9d56795bc10cb5e16a31f09009c893cd9249cc?s=96&d=mm&r=g\",\"caption\":\"Academia del Empresario\"},\"url\":\"https:\\\/\\\/www.stefano-melis.com\\\/it\\\/author\\\/seoinweb2021\\\/\"}]}<\/script>\n<!-- \/ Yoast SEO plugin. -->","yoast_head_json":{"title":"C\u00f3mo Definir el Objetivo de tu Proyecto - Stefano Melis","description":"Te ayudamos a definir el objetivo de tu proyecto con este art\u00edculo a tener muy en cuenta para emprendedores y startups. Inf\u00f3rmate.","robots":{"index":"index","follow":"follow","max-snippet":"max-snippet:-1","max-image-preview":"max-image-preview:large","max-video-preview":"max-video-preview:-1"},"canonical":"https:\/\/www.stefano-melis.com\/it\/como-definir-el-objetivo-de-tu-proyecto-mas-alla-del-metodo-smart\/","og_locale":"it_IT","og_type":"article","og_title":"C\u00f3mo Definir el Objetivo de tu Proyecto - Stefano Melis","og_description":"Te ayudamos a definir el objetivo de tu proyecto con este art\u00edculo a tener muy en cuenta para emprendedores y startups. Inf\u00f3rmate.","og_url":"https:\/\/www.stefano-melis.com\/it\/como-definir-el-objetivo-de-tu-proyecto-mas-alla-del-metodo-smart\/","og_site_name":"Stefano Melis","article_published_time":"2025-07-24T07:17:22+00:00","article_modified_time":"2025-07-24T07:46:49+00:00","og_image":[{"width":2560,"height":1707,"url":"https:\/\/www.stefano-melis.com\/wp-content\/uploads\/2025\/07\/Objetivo-de-tu-proyecto-scaled.jpg","type":"image\/jpeg"}],"author":"Academia del Empresario","twitter_card":"summary_large_image","twitter_misc":{"Scritto da":"Academia del Empresario","Tempo di lettura stimato":"4 minuti"},"schema":{"@context":"https:\/\/schema.org","@graph":[{"@type":"Article","@id":"https:\/\/www.stefano-melis.com\/como-definir-el-objetivo-de-tu-proyecto-mas-alla-del-metodo-smart\/#article","isPartOf":{"@id":"https:\/\/www.stefano-melis.com\/como-definir-el-objetivo-de-tu-proyecto-mas-alla-del-metodo-smart\/"},"author":{"name":"Academia del Empresario","@id":"https:\/\/www.stefano-melis.com\/#\/schema\/person\/11bea5ff8647f5fe6da3357a73dace98"},"headline":"C\u00f3mo Definir el Objetivo de Tu Proyecto: M\u00e1s All\u00e1 del M\u00e9todo SMART","datePublished":"2025-07-24T07:17:22+00:00","dateModified":"2025-07-24T07:46:49+00:00","mainEntityOfPage":{"@id":"https:\/\/www.stefano-melis.com\/como-definir-el-objetivo-de-tu-proyecto-mas-alla-del-metodo-smart\/"},"wordCount":977,"image":{"@id":"https:\/\/www.stefano-melis.com\/como-definir-el-objetivo-de-tu-proyecto-mas-alla-del-metodo-smart\/#primaryimage"},"thumbnailUrl":"https:\/\/www.stefano-melis.com\/wp-content\/uploads\/2025\/07\/Objetivo-de-tu-proyecto-scaled.jpg","articleSection":["Estrategia"],"inLanguage":"it-IT"},{"@type":"WebPage","@id":"https:\/\/www.stefano-melis.com\/como-definir-el-objetivo-de-tu-proyecto-mas-alla-del-metodo-smart\/","url":"https:\/\/www.stefano-melis.com\/como-definir-el-objetivo-de-tu-proyecto-mas-alla-del-metodo-smart\/","name":"C\u00f3mo Definir el Objetivo de tu Proyecto - Stefano Melis","isPartOf":{"@id":"https:\/\/www.stefano-melis.com\/#website"},"primaryImageOfPage":{"@id":"https:\/\/www.stefano-melis.com\/como-definir-el-objetivo-de-tu-proyecto-mas-alla-del-metodo-smart\/#primaryimage"},"image":{"@id":"https:\/\/www.stefano-melis.com\/como-definir-el-objetivo-de-tu-proyecto-mas-alla-del-metodo-smart\/#primaryimage"},"thumbnailUrl":"https:\/\/www.stefano-melis.com\/wp-content\/uploads\/2025\/07\/Objetivo-de-tu-proyecto-scaled.jpg","datePublished":"2025-07-24T07:17:22+00:00","dateModified":"2025-07-24T07:46:49+00:00","author":{"@id":"https:\/\/www.stefano-melis.com\/#\/schema\/person\/11bea5ff8647f5fe6da3357a73dace98"},"description":"Te ayudamos a definir el objetivo de tu proyecto con este art\u00edculo a tener muy en cuenta para emprendedores y startups. Inf\u00f3rmate.","breadcrumb":{"@id":"https:\/\/www.stefano-melis.com\/como-definir-el-objetivo-de-tu-proyecto-mas-alla-del-metodo-smart\/#breadcrumb"},"inLanguage":"it-IT","potentialAction":[{"@type":"ReadAction","target":["https:\/\/www.stefano-melis.com\/como-definir-el-objetivo-de-tu-proyecto-mas-alla-del-metodo-smart\/"]}]},{"@type":"ImageObject","inLanguage":"it-IT","@id":"https:\/\/www.stefano-melis.com\/como-definir-el-objetivo-de-tu-proyecto-mas-alla-del-metodo-smart\/#primaryimage","url":"https:\/\/www.stefano-melis.com\/wp-content\/uploads\/2025\/07\/Objetivo-de-tu-proyecto-scaled.jpg","contentUrl":"https:\/\/www.stefano-melis.com\/wp-content\/uploads\/2025\/07\/Objetivo-de-tu-proyecto-scaled.jpg","width":2560,"height":1707,"caption":"Objetivo de tu proyecto"},{"@type":"BreadcrumbList","@id":"https:\/\/www.stefano-melis.com\/como-definir-el-objetivo-de-tu-proyecto-mas-alla-del-metodo-smart\/#breadcrumb","itemListElement":[{"@type":"ListItem","position":1,"name":"Portada","item":"https:\/\/www.stefano-melis.com\/"},{"@type":"ListItem","position":2,"name":"C\u00f3mo Definir el Objetivo de Tu Proyecto: M\u00e1s All\u00e1 del M\u00e9todo SMART"}]},{"@type":"WebSite","@id":"https:\/\/www.stefano-melis.com\/#website","url":"https:\/\/www.stefano-melis.com\/","name":"Stefano Melis - Consultor estrat\u00e9gico empresarial","description":"Consulente strategico aziendale","potentialAction":[{"@type":"SearchAction","target":{"@type":"EntryPoint","urlTemplate":"https:\/\/www.stefano-melis.com\/?s={search_term_string}"},"query-input":{"@type":"PropertyValueSpecification","valueRequired":true,"valueName":"search_term_string"}}],"inLanguage":"it-IT"},{"@type":"Person","@id":"https:\/\/www.stefano-melis.com\/#\/schema\/person\/11bea5ff8647f5fe6da3357a73dace98","name":"Academia del Empresario","image":{"@type":"ImageObject","inLanguage":"it-IT","@id":"https:\/\/secure.gravatar.com\/avatar\/9b10a872fa0edad9c0afe23eec9d56795bc10cb5e16a31f09009c893cd9249cc?s=96&d=mm&r=g","url":"https:\/\/secure.gravatar.com\/avatar\/9b10a872fa0edad9c0afe23eec9d56795bc10cb5e16a31f09009c893cd9249cc?s=96&d=mm&r=g","contentUrl":"https:\/\/secure.gravatar.com\/avatar\/9b10a872fa0edad9c0afe23eec9d56795bc10cb5e16a31f09009c893cd9249cc?s=96&d=mm&r=g","caption":"Academia del Empresario"},"url":"https:\/\/www.stefano-melis.com\/it\/author\/seoinweb2021\/"}]}},"_links":{"self":[{"href":"https:\/\/www.stefano-melis.com\/it\/wp-json\/wp\/v2\/posts\/6903","targetHints":{"allow":["GET"]}}],"collection":[{"href":"https:\/\/www.stefano-melis.com\/it\/wp-json\/wp\/v2\/posts"}],"about":[{"href":"https:\/\/www.stefano-melis.com\/it\/wp-json\/wp\/v2\/types\/post"}],"author":[{"embeddable":true,"href":"https:\/\/www.stefano-melis.com\/it\/wp-json\/wp\/v2\/users\/5"}],"replies":[{"embeddable":true,"href":"https:\/\/www.stefano-melis.com\/it\/wp-json\/wp\/v2\/comments?post=6903"}],"version-history":[{"count":10,"href":"https:\/\/www.stefano-melis.com\/it\/wp-json\/wp\/v2\/posts\/6903\/revisions"}],"predecessor-version":[{"id":6924,"href":"https:\/\/www.stefano-melis.com\/it\/wp-json\/wp\/v2\/posts\/6903\/revisions\/6924"}],"wp:featuredmedia":[{"embeddable":true,"href":"https:\/\/www.stefano-melis.com\/it\/wp-json\/wp\/v2\/media\/6905"}],"wp:attachment":[{"href":"https:\/\/www.stefano-melis.com\/it\/wp-json\/wp\/v2\/media?parent=6903"}],"wp:term":[{"taxonomy":"category","embeddable":true,"href":"https:\/\/www.stefano-melis.com\/it\/wp-json\/wp\/v2\/categories?post=6903"},{"taxonomy":"post_tag","embeddable":true,"href":"https:\/\/www.stefano-melis.com\/it\/wp-json\/wp\/v2\/tags?post=6903"}],"curies":[{"name":"wp","href":"https:\/\/api.w.org\/{rel}","templated":true}]}}