{"id":6912,"date":"2025-07-28T09:35:46","date_gmt":"2025-07-28T07:35:46","guid":{"rendered":"https:\/\/www.stefano-melis.com\/?p=6912"},"modified":"2025-07-24T09:47:18","modified_gmt":"2025-07-24T07:47:18","slug":"consultor-empresarial-de-alto-impacto-habilidades-fundamentales","status":"publish","type":"post","link":"https:\/\/www.stefano-melis.com\/it\/consultor-empresarial-de-alto-impacto-habilidades-fundamentales\/","title":{"rendered":"El Consultor para Directivos: Tu Rol como Motor de Transformaci\u00f3n"},"content":{"rendered":"<div data-elementor-type=\"wp-post\" data-elementor-id=\"6912\" class=\"elementor elementor-6912\" data-elementor-post-type=\"post\">\n\t\t\t\t<div class=\"elementor-element elementor-element-1f743fb e-flex e-con-boxed e-con e-parent\" data-id=\"1f743fb\" data-element_type=\"container\" data-e-type=\"container\">\n\t\t\t\t\t<div class=\"e-con-inner\">\n\t\t\t\t<div class=\"elementor-element elementor-element-25b9176 elementor-widget elementor-widget-heading\" data-id=\"25b9176\" data-element_type=\"widget\" data-e-type=\"widget\" data-widget_type=\"heading.default\">\n\t\t\t\t<div class=\"elementor-widget-container\">\n\t\t\t\t\t<h1 class=\"elementor-heading-title elementor-size-default\">El Consultor para Directivos: Tu Rol como Motor de Transformaci\u00f3n<\/h1>\t\t\t\t<\/div>\n\t\t\t\t<\/div>\n\t\t\t\t\t<\/div>\n\t\t\t\t<\/div>\n\t\t<div class=\"elementor-element elementor-element-89383f1 e-flex e-con-boxed e-con e-parent\" data-id=\"89383f1\" data-element_type=\"container\" data-e-type=\"container\">\n\t\t\t\t\t<div class=\"e-con-inner\">\n\t\t\t\t<div class=\"elementor-element elementor-element-5211b41 elementor-widget elementor-widget-text-editor\" data-id=\"5211b41\" data-element_type=\"widget\" data-e-type=\"widget\" data-widget_type=\"text-editor.default\">\n\t\t\t\t<div class=\"elementor-widget-container\">\n\t\t\t\t\t\t\t\t\t<p>Como <strong>consultor para directivos<\/strong>, tu papel trasciende la mera asesor\u00eda. Te conviertes en un <b>agente de cambio estrat\u00e9gico y un facilitador del crecimiento<\/b>. No eres solo quien \u00abdice qu\u00e9 hacer\u00bb, sino quien \u00abacompa\u00f1a a que suceda\u00bb<\/p>\t\t\t\t\t\t\t\t<\/div>\n\t\t\t\t<\/div>\n\t\t\t\t<div class=\"elementor-element elementor-element-82c5cd1 elementor-blockquote--skin-border elementor-widget elementor-widget-blockquote\" data-id=\"82c5cd1\" data-element_type=\"widget\" data-e-type=\"widget\" data-widget_type=\"blockquote.default\">\n\t\t\t\t<div class=\"elementor-widget-container\">\n\t\t\t\t\t\t\t<blockquote class=\"elementor-blockquote\">\n\t\t\t<p class=\"elementor-blockquote__content\">\n\t\t\t\tTu objetivo principal es <b>elevar la capacidad del directivo<\/b> para liderar, gestionar y transformar su organizaci\u00f3n, pasando de una mentalidad operativa a una verdaderamente estrat\u00e9gica. Esto es precisamente lo que implica <b>instalar conceptos de acompa\u00f1amiento al desarrollo organizacional<\/b>.\t\t\t<\/p>\n\t\t\t\t\t\t\t<div class=\"e-q-footer\">\n\t\t\t\t\t\t\t\t\t\t\t<cite class=\"elementor-blockquote__author\">Stefano Melis<\/cite>\n\t\t\t\t\t\t\t\t\t\t\t\t\t\t<\/div>\n\t\t\t\t\t<\/blockquote>\n\t\t\t\t\t\t<\/div>\n\t\t\t\t<\/div>\n\t\t\t\t\t<\/div>\n\t\t\t\t<\/div>\n\t\t<div class=\"elementor-element elementor-element-c1cc7be e-flex e-con-boxed e-con e-parent\" data-id=\"c1cc7be\" data-element_type=\"container\" data-e-type=\"container\">\n\t\t\t\t\t<div class=\"e-con-inner\">\n\t\t\t\t<div class=\"elementor-element elementor-element-7452a1f elementor-widget elementor-widget-heading\" data-id=\"7452a1f\" data-element_type=\"widget\" data-e-type=\"widget\" data-widget_type=\"heading.default\">\n\t\t\t\t<div class=\"elementor-widget-container\">\n\t\t\t\t\t<h2 class=\"elementor-heading-title elementor-size-default\">Diagn\u00f3stico y Visi\u00f3n Compartida<\/h2>\t\t\t\t<\/div>\n\t\t\t\t<\/div>\n\t\t\t\t<div class=\"elementor-element elementor-element-30a0566 elementor-widget elementor-widget-text-editor\" data-id=\"30a0566\" data-element_type=\"widget\" data-e-type=\"widget\" data-widget_type=\"text-editor.default\">\n\t\t\t\t<div class=\"elementor-widget-container\">\n\t\t\t\t\t\t\t\t\t<p>Tu labor comienza por una inmersi\u00f3n profunda en la realidad del directivo y su empresa. No llegas con soluciones prefabricadas; tu primer paso es comprender a fondo la situaci\u00f3n actual de la organizaci\u00f3n, identificando tanto los desaf\u00edos manifiestos como las oportunidades latentes. Se trata de construir una <b>visi\u00f3n compartida<\/b> de hacia d\u00f3nde se dirige la empresa y qu\u00e9 significa el \u00e9xito para sus l\u00edderes.<\/p>\t\t\t\t\t\t\t\t<\/div>\n\t\t\t\t<\/div>\n\t\t\t\t\t<\/div>\n\t\t\t\t<\/div>\n\t\t<div class=\"elementor-element elementor-element-d762cac e-flex e-con-boxed e-con e-parent\" data-id=\"d762cac\" data-element_type=\"container\" data-e-type=\"container\">\n\t\t\t\t\t<div class=\"e-con-inner\">\n\t\t\t\t<div class=\"elementor-element elementor-element-17125d2 elementor-widget elementor-widget-heading\" data-id=\"17125d2\" data-element_type=\"widget\" data-e-type=\"widget\" data-widget_type=\"heading.default\">\n\t\t\t\t<div class=\"elementor-widget-container\">\n\t\t\t\t\t<h2 class=\"elementor-heading-title elementor-size-default\">Conceptualizaci\u00f3n y Mentalidad Estrat\u00e9gica<\/h2>\t\t\t\t<\/div>\n\t\t\t\t<\/div>\n\t\t\t\t<div class=\"elementor-element elementor-element-1dd497b elementor-widget elementor-widget-text-editor\" data-id=\"1dd497b\" data-element_type=\"widget\" data-e-type=\"widget\" data-widget_type=\"text-editor.default\">\n\t\t\t\t<div class=\"elementor-widget-container\">\n\t\t\t\t\t\t\t\t\t<p>Aqu\u00ed es donde resides el <b>n\u00facleo del desarrollo organizacional<\/b>. Tu trabajo es asegurar que el directivo no solo adquiera nuevos conocimientos, sino que <b>integre nuevas formas de pensar, de liderar y de ver su negocio<\/b>. Esto implica una expansi\u00f3n de su perspectiva, movi\u00e9ndolo del d\u00eda a d\u00eda hacia una comprensi\u00f3n m\u00e1s profunda del entorno, del prop\u00f3sito de su organizaci\u00f3n y de las din\u00e1micas de crecimiento y adaptaci\u00f3n. Fomentas una mentalidad sist\u00e9mica y la capacidad de prosperar en la incertidumbre.<\/p>\t\t\t\t\t\t\t\t<\/div>\n\t\t\t\t<\/div>\n\t\t\t\t\t<\/div>\n\t\t\t\t<\/div>\n\t\t<div class=\"elementor-element elementor-element-4270710 e-flex e-con-boxed e-con e-parent\" data-id=\"4270710\" data-element_type=\"container\" data-e-type=\"container\">\n\t\t\t\t\t<div class=\"e-con-inner\">\n\t\t\t\t<div class=\"elementor-element elementor-element-3f14617 elementor-widget elementor-widget-heading\" data-id=\"3f14617\" data-element_type=\"widget\" data-e-type=\"widget\" data-widget_type=\"heading.default\">\n\t\t\t\t<div class=\"elementor-widget-container\">\n\t\t\t\t\t<h2 class=\"elementor-heading-title elementor-size-default\">Dise\u00f1o de Soluciones Transformadoras<\/h2>\t\t\t\t<\/div>\n\t\t\t\t<\/div>\n\t\t\t\t<div class=\"elementor-element elementor-element-83833b0 elementor-widget elementor-widget-text-editor\" data-id=\"83833b0\" data-element_type=\"widget\" data-e-type=\"widget\" data-widget_type=\"text-editor.default\">\n\t\t\t\t<div class=\"elementor-widget-container\">\n\t\t\t\t\t\t\t\t\t<p>Una vez establecida una nueva mentalidad, el siguiente paso es la <b>co-creaci\u00f3n de soluciones a medida<\/b>. Tu labor no es simplemente \u00abdar la respuesta\u00bb, sino guiar al directivo para que, con su\u00a0<span style=\"background-color: rgba(0, 0, 0, 0);\">nueva visi\u00f3n y tu expertise, <b>dise\u00f1e los caminos y procesos<\/b> que permitan a su organizaci\u00f3n operar con mayor eficiencia y direcci\u00f3n. Esto abarca desde la estructuraci\u00f3n de la propia empresa hasta la creaci\u00f3n de marcos estrat\u00e9gicos que la impulsar\u00e1n hacia adelante. Se trata de construir los cimientos para un crecimiento sostenible y aut\u00f3nomo.<\/span><\/p>\t\t\t\t\t\t\t\t<\/div>\n\t\t\t\t<\/div>\n\t\t\t\t\t<\/div>\n\t\t\t\t<\/div>\n\t\t<div class=\"elementor-element elementor-element-e26a7c0 e-flex e-con-boxed e-con e-parent\" data-id=\"e26a7c0\" data-element_type=\"container\" data-e-type=\"container\">\n\t\t\t\t\t<div class=\"e-con-inner\">\n\t\t\t\t<div class=\"elementor-element elementor-element-bfb6d14 elementor-widget elementor-widget-heading\" data-id=\"bfb6d14\" data-element_type=\"widget\" data-e-type=\"widget\" data-widget_type=\"heading.default\">\n\t\t\t\t<div class=\"elementor-widget-container\">\n\t\t\t\t\t<h2 class=\"elementor-heading-title elementor-size-default\">La Ejecuci\u00f3n Asegurada con tu M\u00e9todo CCF (Coaching, Consultor\u00eda, Formaci\u00f3n)<\/h2>\t\t\t\t<\/div>\n\t\t\t\t<\/div>\n\t\t\t\t<div class=\"elementor-element elementor-element-b3e5490 elementor-widget elementor-widget-text-editor\" data-id=\"b3e5490\" data-element_type=\"widget\" data-e-type=\"widget\" data-widget_type=\"text-editor.default\">\n\t\t\t\t<div class=\"elementor-widget-container\">\n\t\t\t\t\t\t\t\t\t<p>La implementaci\u00f3n efectiva es donde muchas transformaciones se estancan. Aqu\u00ed es donde tu <b><a href=\"https:\/\/www.stefano-melis.com\/it\/mi-metodo\/\">metodolog\u00eda CCF<\/a><\/b> se convierte en el motor que garantiza el resultado:<\/p>\t\t\t\t\t\t\t\t<\/div>\n\t\t\t\t<\/div>\n\t\t\t\t<div class=\"elementor-element elementor-element-7118785 elementor-widget elementor-widget-ucaddon_vertical_curve_timeline\" data-id=\"7118785\" data-element_type=\"widget\" data-e-type=\"widget\" data-widget_type=\"ucaddon_vertical_curve_timeline.default\">\n\t\t\t\t<div class=\"elementor-widget-container\">\n\t\t\t\t\t\n<!-- start Vertical Curved Timeline -->\n\t\t<link id='font-awesome-css' href='https:\/\/www.stefano-melis.com\/wp-content\/plugins\/unlimited-elements-for-elementor-premium\/assets_libraries\/font-awesome6\/fontawesome-all.min.css' type='text\/css' rel='stylesheet' >\n\t\t<link id='font-awesome-4-shim-css' href='https:\/\/www.stefano-melis.com\/wp-content\/plugins\/unlimited-elements-for-elementor-premium\/assets_libraries\/font-awesome6\/fontawesome-v4-shims.min.css' type='text\/css' rel='stylesheet' >\n\n<style>\/* widget: Vertical Curved Timeline *\/\n\n#uc_vertical_curve_timeline_elementor_7118785.ue-container{\n  width: 100%;\n  display: flex;\n  align-items: center;\n}\n\n\/* Timeline Container *\/\n\n#uc_vertical_curve_timeline_elementor_7118785 .ue-timeline {\n  width:100%;\n  margin: 0 auto;\n  padding: 0 20px;\n}\n\n#uc_vertical_curve_timeline_elementor_7118785 .ue-item-image{\n  overflow:hidden;\n}\n\n#uc_vertical_curve_timeline_elementor_7118785 .ue-item-image img{\n  width:100%;\n  height: 100%;\n  transition:0.3s;\n}\n\n\/* Card container *\/\n#uc_vertical_curve_timeline_elementor_7118785 .ue-card {\n  position: relative;\n  display: flex;\n}\n\n#uc_vertical_curve_timeline_elementor_7118785 .ue-slno{\n  border-radius: 50%;\n  position: absolute;\n  top: 50%;\n  left: 0;\n  transform: translate(-50%, -50%);\n  display: grid;\n  place-content: center;\n}\n\n\/* setting padding based on even or odd *\/\n  #uc_vertical_curve_timeline_elementor_7118785 .ue-card:nth-child(odd) {\n    padding: 30px 0 30px 30px;\n  }\n  #uc_vertical_curve_timeline_elementor_7118785 .ue-card:nth-child(even) {\n    padding: 30px 30px 30px 0;\n  }\n  \/* Global ::before *\/\n  #uc_vertical_curve_timeline_elementor_7118785 .ue-card::before {\n    content: \"\";\n    position: absolute;\n    width: 50%;\n  }\n\n  \/* Setting the border of top, bottom, left *\/\n  #uc_vertical_curve_timeline_elementor_7118785 .ue-card:nth-child(odd)::before {\n    left: 0px;\n    top: -5px;\n    bottom: -5px;\n    border-width: 5px 0 5px 5px;\n    border-radius: 20px 0 0 20px;\n  }\n\n  \/* Setting the top and bottom to \"-5px\" because earlier it was out of a pixel in mobile devices *\/\n  @media only screen and (max-width: 400px) {\n    #uc_vertical_curve_timeline_elementor_7118785 .ue-card:nth-child(odd)::before {\n      top: -5px;\n      bottom: -5px;\n    }\n  }\n\n  \/* Setting the border of top, bottom, right *\/\n  #uc_vertical_curve_timeline_elementor_7118785 .ue-card:nth-child(even)::before {\n    right: 0;\n    top: 0;\n    bottom: 0;\n    border-width: 5px 5px 5px 0;\n    border-radius: 0 20px 20px 0;\n  }\n\n  \/* Removing the border if it is the first card *\/\n  #uc_vertical_curve_timeline_elementor_7118785 .ue-card:first-child::before {\n    border-top: 0;\n    border-top-left-radius: 0;\n  }\n\n  \/* Removing the border if it is the last card  and it's odd *\/\n  #uc_vertical_curve_timeline_elementor_7118785 .ue-card:last-child:nth-child(odd)::before {\n    border-bottom: 0;\n    border-bottom-left-radius: 0;\n  }\n\n  \/* Removing the border if it is the last card  and it's even *\/\n  #uc_vertical_curve_timeline_elementor_7118785 .ue-card:last-child:nth-child(even)::before {\n    border-bottom: 0;\n    border-bottom-right-radius: 0;\n  }\n\n  \/* Information about the timeline *\/\n  #uc_vertical_curve_timeline_elementor_7118785 .ue-info {\n    display: flex;\n    flex-direction: column;\n    border-radius: 10px;\n    padding: 10px;\n    width: 100%;\n  }\n\n  \/* Title of the card *\/\n  #uc_vertical_curve_timeline_elementor_7118785 .ue-title {\n    position: relative;\n  }\n\n  \/* Timeline dot  *\/\n\n  \/* text right if the card is even  *\/\n  #uc_vertical_curve_timeline_elementor_7118785 .ue-card:nth-child(even) {\n    text-align: right;\n  }\n\n  #uc_vertical_curve_timeline_elementor_7118785 .ue-card:nth-child(even) .ue-item-image{\n    margin-left: auto;\n  }\n\n  #uc_vertical_curve_timeline_elementor_7118785 .ue-card:nth-child(even) .ue-info{\n    padding-right: 20px;\n    margin-left: auto;\n  }\n\n  #uc_vertical_curve_timeline_elementor_7118785 .ue-card:nth-child(odd) .ue-info{\n    padding-left: 20px;\n  }\n\n  \/* setting dot to the left if the card is odd *\/\n  #uc_vertical_curve_timeline_elementor_7118785 .ue-card:nth-child(odd) > .ue-info > .ue-title::before {\n    left: -45px;\n  }\n\n  #uc_vertical_curve_timeline_elementor_7118785 .ue-card:nth-child(even) > .ue-slno{\n    right: 0%;\n    left: auto;\n    transform: translate(50%, -50%);\n    margin-right:2px;\n  }\n\n  #uc_vertical_curve_timeline_elementor_7118785 .ue-card:nth-child(odd) > .ue-slno{\n    margin-left:2px;\n  }\n\n  #uc_vertical_curve_timeline_elementor_7118785 .ue-card:nth-child(1)::before{\n    height: 50%;\n    top: auto;\n  }\n\n  #uc_vertical_curve_timeline_elementor_7118785 .ue-card:last-child::before{\n    height: 50%;\n  }\n\n  #uc_vertical_curve_timeline_elementor_7118785 .ue-button-link{\n    width:fit-content;\n    z-index: 100;\n  }\n\n  #uc_vertical_curve_timeline_elementor_7118785 .ue-card:nth-child(even) .ue-button-link {\n    margin-left:auto;\n  }\n\n\n\n<\/style>\n\n<div id=\"uc_vertical_curve_timeline_elementor_7118785\" class=\"ue-container\">\n  <div class=\"ue-timeline\">\n    <div class=\"ue-outer\">              \n      <div class=\"ue-card elementor-repeater-item-cc17872\">\n  \n  <div class=\"ue-slno\">\n    1          \n  <\/div>\n  \n  <div class=\"ue-info\">\n                    \t\n    <h3 class=\"ue-title\">Coaching<\/h3>        <div class=\"ue-description\"><p>A trav\u00e9s del <strong>Coaching<\/strong>, trabajas en la <strong>mentalidad y el liderazgo<\/strong> del directivo. Abordas sus creencias limitantes, desarrollas sus habilidades blandas (comunicaci\u00f3n, gesti\u00f3n de equipos, resiliencia) y le proporcionas el apoyo psicol\u00f3gico necesario para navegar los desaf\u00edos de la transformaci\u00f3n. Esto asegura que el l\u00edder est\u00e9 preparado internamente para el cambio.<\/p><\/div>               <\/div>\n<\/div>\n<div class=\"ue-card elementor-repeater-item-a9c4473\">\n  \n  <div class=\"ue-slno\">\n    2          \n  <\/div>\n  \n  <div class=\"ue-info\">\n                    \t\n    <h3 class=\"ue-title\">Consulenza<\/h3>        <div class=\"ue-description\"><p>Con la <strong>Consulenza<\/strong>, aportas tu <strong>experiencia y conocimientos estrat\u00e9gicos y de gesti\u00f3n<\/strong>. Proporcionas los marcos, las herramientas y las directrices para el dise\u00f1o de soluciones concretas, desde la optimizaci\u00f3n de procesos hasta la planificaci\u00f3n estrat\u00e9gica. Esto garantiza que las decisiones y estructuras que se implementen sean s\u00f3lidas y efectivas.<\/p><\/div>               <\/div>\n<\/div>\n<div class=\"ue-card elementor-repeater-item-29a0269\">\n  \n  <div class=\"ue-slno\">\n    3          \n  <\/div>\n  \n  <div class=\"ue-info\">\n                    \t\n    <h3 class=\"ue-title\">Formazione<\/h3>        <div class=\"ue-description\"><p>Mediante la <strong>Formazione<\/strong>, equipas al directivo y, si aplica, a su equipo, con los <strong>conocimientos y habilidades pr\u00e1cticas<\/strong> necesarios para ejecutar las soluciones dise\u00f1adas. Esto puede incluir desde t\u00e9cnicas de delegaci\u00f3n avanzada hasta m\u00e9todos para mejorar la productividad o la comunicaci\u00f3n interna. La formaci\u00f3n asegura que la capacidad de operar el cambio se internalice en la organizaci\u00f3n.<\/p><\/div>               <\/div>\n<\/div>\n\n    <\/div>\n  <\/div>\n<\/div>\n<!-- end Vertical Curved Timeline -->\t\t\t\t<\/div>\n\t\t\t\t<\/div>\n\t\t\t\t<div class=\"elementor-element elementor-element-7a973c4 elementor-widget elementor-widget-text-editor\" data-id=\"7a973c4\" data-element_type=\"widget\" data-e-type=\"widget\" data-widget_type=\"text-editor.default\">\n\t\t\t\t<div class=\"elementor-widget-container\">\n\t\t\t\t\t\t\t\t\t<p>Este enfoque hol\u00edstico <b>garantiza que la estrategia no solo se conceptualice, sino que se implemente y se mantenga<\/b>, transformando la capacidad del directivo y de su empresa.<\/p>\t\t\t\t\t\t\t\t<\/div>\n\t\t\t\t<\/div>\n\t\t\t\t\t<\/div>\n\t\t\t\t<\/div>\n\t\t<div class=\"elementor-element elementor-element-fc3db32 e-flex e-con-boxed e-con e-parent\" data-id=\"fc3db32\" data-element_type=\"container\" data-e-type=\"container\">\n\t\t\t\t\t<div class=\"e-con-inner\">\n\t\t\t\t<div class=\"elementor-element elementor-element-d65ae76 elementor-widget elementor-widget-heading\" data-id=\"d65ae76\" data-element_type=\"widget\" data-e-type=\"widget\" data-widget_type=\"heading.default\">\n\t\t\t\t<div class=\"elementor-widget-container\">\n\t\t\t\t\t<h2 class=\"elementor-heading-title elementor-size-default\">Evoluci\u00f3n y Crecimiento Continuo<\/h2>\t\t\t\t<\/div>\n\t\t\t\t<\/div>\n\t\t\t\t<div class=\"elementor-element elementor-element-29d6f80 elementor-widget elementor-widget-text-editor\" data-id=\"29d6f80\" data-element_type=\"widget\" data-e-type=\"widget\" data-widget_type=\"text-editor.default\">\n\t\t\t\t<div class=\"elementor-widget-container\">\n\t\t\t\t\t\t\t\t\t<p>El desarrollo organizacional no es un destino, sino un viaje. Tu acompa\u00f1amiento se enfoca en establecer una <b>cultura de monitoreo, aprendizaje y adaptaci\u00f3n constante<\/b>. Ayudas al directivo a construir los mecanismos para evaluar el progreso, aprender de los resultados y ajustar el rumbo seg\u00fan las necesidades del entorno y los objetivos de crecimiento. As\u00ed, la empresa se convierte en una entidad viva, capaz de evolucionar y prosperar de forma aut\u00f3noma a largo plazo.<\/p>\t\t\t\t\t\t\t\t<\/div>\n\t\t\t\t<\/div>\n\t\t\t\t<div class=\"elementor-element elementor-element-24f5a81 elementor-widget elementor-widget-text-editor\" data-id=\"24f5a81\" data-element_type=\"widget\" data-e-type=\"widget\" data-widget_type=\"text-editor.default\">\n\t\t\t\t<div class=\"elementor-widget-container\">\n\t\t\t\t\t\t\t\t\t<p>Como <b><a href=\"https:\/\/www.stefano-melis.com\/it\/\">Consultor empresarial en Barcelona<\/a><\/b>, tu misi\u00f3n es ir m\u00e1s all\u00e1 del \u00abqu\u00e9\u00bb y el \u00abc\u00f3mo\u00bb, para sumergirte en el \u00abpor qu\u00e9\u00bb y el \u00abpara qu\u00e9\u00bb, construyendo la capacidad interna del directivo para que sea \u00e9l quien dirija la evoluci\u00f3n de su propia empresa hacia la autonom\u00eda y la escalabilidad.<\/p>\t\t\t\t\t\t\t\t<\/div>\n\t\t\t\t<\/div>\n\t\t\t\t<div class=\"elementor-element elementor-element-802ef1b elementor-align-center elementor-widget elementor-widget-button\" data-id=\"802ef1b\" data-element_type=\"widget\" data-e-type=\"widget\" data-widget_type=\"button.default\">\n\t\t\t\t<div class=\"elementor-widget-container\">\n\t\t\t\t\t\t\t\t\t<div class=\"elementor-button-wrapper\">\n\t\t\t\t\t<a class=\"elementor-button elementor-button-link elementor-size-sm elementor-animation-bounce-in\" href=\"https:\/\/calendly.com\/stefanomelis\/cafestefano\" target=\"_blank\" rel=\"nofollow\">\n\t\t\t\t\t\t<span class=\"elementor-button-content-wrapper\">\n\t\t\t\t\t\t\t\t\t<span class=\"elementor-button-text\">Agenda una sesi\u00f3n gratuita conmigo<\/span>\n\t\t\t\t\t<\/span>\n\t\t\t\t\t<\/a>\n\t\t\t\t<\/div>\n\t\t\t\t\t\t\t\t<\/div>\n\t\t\t\t<\/div>\n\t\t\t\t\t<\/div>\n\t\t\t\t<\/div>\n\t\t\t\t<\/div>","protected":false},"excerpt":{"rendered":"<p>Como consultor para directivos, tu papel trasciende la mera asesor\u00eda. Te conviertes en un agente de cambio estrat\u00e9gico y un facilitador del crecimiento. No eres solo quien \u00abdice qu\u00e9 hacer\u00bb, sino quien \u00abacompa\u00f1a a que suceda\u00bb Tu objetivo principal es elevar la capacidad del directivo para liderar, gestionar y transformar su organizaci\u00f3n, pasando de una&#8230;<\/p>","protected":false},"author":5,"featured_media":6914,"comment_status":"closed","ping_status":"closed","sticky":false,"template":"","format":"standard","meta":{"inline_featured_image":false,"_kad_post_transparent":"","_kad_post_title":"","_kad_post_layout":"","_kad_post_sidebar_id":"","_kad_post_content_style":"","_kad_post_vertical_padding":"","_kad_post_feature":"","_kad_post_feature_position":"","_kad_post_header":false,"_kad_post_footer":false,"_kad_post_classname":"","footnotes":""},"categories":[60],"tags":[],"class_list":["post-6912","post","type-post","status-publish","format-standard","has-post-thumbnail","hentry","category-mentoring"],"yoast_head":"<!-- This site is optimized with the Yoast SEO plugin v27.5 - https:\/\/yoast.com\/product\/yoast-seo-wordpress\/ -->\n<title>Consultor para Directivos - Stefano Melis<\/title>\n<meta name=\"description\" content=\"Como consultor para directivos te damos unas pautas para que veas tu rol y c\u00f3mo ser mejor directivo y l\u00edder. Es un art\u00edculo a tener en cuenta\" \/>\n<meta name=\"robots\" content=\"index, follow, max-snippet:-1, max-image-preview:large, max-video-preview:-1\" \/>\n<link rel=\"canonical\" href=\"https:\/\/www.stefano-melis.com\/it\/consultor-empresarial-de-alto-impacto-habilidades-fundamentales\/\" \/>\n<meta property=\"og:locale\" content=\"it_IT\" \/>\n<meta property=\"og:type\" content=\"article\" \/>\n<meta property=\"og:title\" content=\"Consultor para Directivos - Stefano Melis\" \/>\n<meta property=\"og:description\" content=\"Como consultor para directivos te damos unas pautas para que veas tu rol y c\u00f3mo ser mejor directivo y l\u00edder. Es un art\u00edculo a tener en cuenta\" \/>\n<meta property=\"og:url\" content=\"https:\/\/www.stefano-melis.com\/it\/consultor-empresarial-de-alto-impacto-habilidades-fundamentales\/\" \/>\n<meta property=\"og:site_name\" content=\"Stefano Melis\" \/>\n<meta property=\"article:published_time\" content=\"2025-07-28T07:35:46+00:00\" \/>\n<meta property=\"og:image\" content=\"https:\/\/www.stefano-melis.com\/wp-content\/uploads\/2025\/07\/consultor-para-directivos-scaled.jpg\" \/>\n\t<meta property=\"og:image:width\" content=\"2560\" \/>\n\t<meta property=\"og:image:height\" content=\"1707\" \/>\n\t<meta property=\"og:image:type\" content=\"image\/jpeg\" \/>\n<meta name=\"author\" content=\"Academia del Empresario\" \/>\n<meta name=\"twitter:card\" content=\"summary_large_image\" \/>\n<meta name=\"twitter:label1\" content=\"Scritto da\" \/>\n\t<meta name=\"twitter:data1\" content=\"Academia del Empresario\" \/>\n\t<meta name=\"twitter:label2\" content=\"Tempo di lettura stimato\" \/>\n\t<meta name=\"twitter:data2\" content=\"3 minuti\" \/>\n<script type=\"application\/ld+json\" class=\"yoast-schema-graph\">{\"@context\":\"https:\\\/\\\/schema.org\",\"@graph\":[{\"@type\":\"Article\",\"@id\":\"https:\\\/\\\/www.stefano-melis.com\\\/consultor-empresarial-de-alto-impacto-habilidades-fundamentales\\\/#article\",\"isPartOf\":{\"@id\":\"https:\\\/\\\/www.stefano-melis.com\\\/consultor-empresarial-de-alto-impacto-habilidades-fundamentales\\\/\"},\"author\":{\"name\":\"Academia del Empresario\",\"@id\":\"https:\\\/\\\/www.stefano-melis.com\\\/#\\\/schema\\\/person\\\/11bea5ff8647f5fe6da3357a73dace98\"},\"headline\":\"El Consultor para Directivos: Tu Rol como Motor de Transformaci\u00f3n\",\"datePublished\":\"2025-07-28T07:35:46+00:00\",\"mainEntityOfPage\":{\"@id\":\"https:\\\/\\\/www.stefano-melis.com\\\/consultor-empresarial-de-alto-impacto-habilidades-fundamentales\\\/\"},\"wordCount\":764,\"image\":{\"@id\":\"https:\\\/\\\/www.stefano-melis.com\\\/consultor-empresarial-de-alto-impacto-habilidades-fundamentales\\\/#primaryimage\"},\"thumbnailUrl\":\"https:\\\/\\\/www.stefano-melis.com\\\/wp-content\\\/uploads\\\/2025\\\/07\\\/consultor-para-directivos-scaled.jpg\",\"articleSection\":[\"Mentoring\"],\"inLanguage\":\"it-IT\"},{\"@type\":\"WebPage\",\"@id\":\"https:\\\/\\\/www.stefano-melis.com\\\/consultor-empresarial-de-alto-impacto-habilidades-fundamentales\\\/\",\"url\":\"https:\\\/\\\/www.stefano-melis.com\\\/consultor-empresarial-de-alto-impacto-habilidades-fundamentales\\\/\",\"name\":\"Consultor para Directivos - Stefano Melis\",\"isPartOf\":{\"@id\":\"https:\\\/\\\/www.stefano-melis.com\\\/#website\"},\"primaryImageOfPage\":{\"@id\":\"https:\\\/\\\/www.stefano-melis.com\\\/consultor-empresarial-de-alto-impacto-habilidades-fundamentales\\\/#primaryimage\"},\"image\":{\"@id\":\"https:\\\/\\\/www.stefano-melis.com\\\/consultor-empresarial-de-alto-impacto-habilidades-fundamentales\\\/#primaryimage\"},\"thumbnailUrl\":\"https:\\\/\\\/www.stefano-melis.com\\\/wp-content\\\/uploads\\\/2025\\\/07\\\/consultor-para-directivos-scaled.jpg\",\"datePublished\":\"2025-07-28T07:35:46+00:00\",\"author\":{\"@id\":\"https:\\\/\\\/www.stefano-melis.com\\\/#\\\/schema\\\/person\\\/11bea5ff8647f5fe6da3357a73dace98\"},\"description\":\"Como consultor para directivos te damos unas pautas para que veas tu rol y c\u00f3mo ser mejor directivo y l\u00edder. Es un art\u00edculo a tener en cuenta\",\"breadcrumb\":{\"@id\":\"https:\\\/\\\/www.stefano-melis.com\\\/consultor-empresarial-de-alto-impacto-habilidades-fundamentales\\\/#breadcrumb\"},\"inLanguage\":\"it-IT\",\"potentialAction\":[{\"@type\":\"ReadAction\",\"target\":[\"https:\\\/\\\/www.stefano-melis.com\\\/consultor-empresarial-de-alto-impacto-habilidades-fundamentales\\\/\"]}]},{\"@type\":\"ImageObject\",\"inLanguage\":\"it-IT\",\"@id\":\"https:\\\/\\\/www.stefano-melis.com\\\/consultor-empresarial-de-alto-impacto-habilidades-fundamentales\\\/#primaryimage\",\"url\":\"https:\\\/\\\/www.stefano-melis.com\\\/wp-content\\\/uploads\\\/2025\\\/07\\\/consultor-para-directivos-scaled.jpg\",\"contentUrl\":\"https:\\\/\\\/www.stefano-melis.com\\\/wp-content\\\/uploads\\\/2025\\\/07\\\/consultor-para-directivos-scaled.jpg\",\"width\":2560,\"height\":1707,\"caption\":\"consultor para directivos\"},{\"@type\":\"BreadcrumbList\",\"@id\":\"https:\\\/\\\/www.stefano-melis.com\\\/consultor-empresarial-de-alto-impacto-habilidades-fundamentales\\\/#breadcrumb\",\"itemListElement\":[{\"@type\":\"ListItem\",\"position\":1,\"name\":\"Portada\",\"item\":\"https:\\\/\\\/www.stefano-melis.com\\\/\"},{\"@type\":\"ListItem\",\"position\":2,\"name\":\"El Consultor para Directivos: Tu Rol como Motor de Transformaci\u00f3n\"}]},{\"@type\":\"WebSite\",\"@id\":\"https:\\\/\\\/www.stefano-melis.com\\\/#website\",\"url\":\"https:\\\/\\\/www.stefano-melis.com\\\/\",\"name\":\"Stefano Melis - Consultor estrat\u00e9gico empresarial\",\"description\":\"Consultor estrat\u00e9gico empresarial\",\"potentialAction\":[{\"@type\":\"SearchAction\",\"target\":{\"@type\":\"EntryPoint\",\"urlTemplate\":\"https:\\\/\\\/www.stefano-melis.com\\\/?s={search_term_string}\"},\"query-input\":{\"@type\":\"PropertyValueSpecification\",\"valueRequired\":true,\"valueName\":\"search_term_string\"}}],\"inLanguage\":\"it-IT\"},{\"@type\":\"Person\",\"@id\":\"https:\\\/\\\/www.stefano-melis.com\\\/#\\\/schema\\\/person\\\/11bea5ff8647f5fe6da3357a73dace98\",\"name\":\"Academia del Empresario\",\"image\":{\"@type\":\"ImageObject\",\"inLanguage\":\"it-IT\",\"@id\":\"https:\\\/\\\/secure.gravatar.com\\\/avatar\\\/9b10a872fa0edad9c0afe23eec9d56795bc10cb5e16a31f09009c893cd9249cc?s=96&d=mm&r=g\",\"url\":\"https:\\\/\\\/secure.gravatar.com\\\/avatar\\\/9b10a872fa0edad9c0afe23eec9d56795bc10cb5e16a31f09009c893cd9249cc?s=96&d=mm&r=g\",\"contentUrl\":\"https:\\\/\\\/secure.gravatar.com\\\/avatar\\\/9b10a872fa0edad9c0afe23eec9d56795bc10cb5e16a31f09009c893cd9249cc?s=96&d=mm&r=g\",\"caption\":\"Academia del Empresario\"},\"url\":\"https:\\\/\\\/www.stefano-melis.com\\\/it\\\/author\\\/seoinweb2021\\\/\"}]}<\/script>\n<!-- \/ Yoast SEO plugin. -->","yoast_head_json":{"title":"Consultor para Directivos - Stefano Melis","description":"Como consultor para directivos te damos unas pautas para que veas tu rol y c\u00f3mo ser mejor directivo y l\u00edder. Es un art\u00edculo a tener en cuenta","robots":{"index":"index","follow":"follow","max-snippet":"max-snippet:-1","max-image-preview":"max-image-preview:large","max-video-preview":"max-video-preview:-1"},"canonical":"https:\/\/www.stefano-melis.com\/it\/consultor-empresarial-de-alto-impacto-habilidades-fundamentales\/","og_locale":"it_IT","og_type":"article","og_title":"Consultor para Directivos - Stefano Melis","og_description":"Como consultor para directivos te damos unas pautas para que veas tu rol y c\u00f3mo ser mejor directivo y l\u00edder. Es un art\u00edculo a tener en cuenta","og_url":"https:\/\/www.stefano-melis.com\/it\/consultor-empresarial-de-alto-impacto-habilidades-fundamentales\/","og_site_name":"Stefano Melis","article_published_time":"2025-07-28T07:35:46+00:00","og_image":[{"width":2560,"height":1707,"url":"https:\/\/www.stefano-melis.com\/wp-content\/uploads\/2025\/07\/consultor-para-directivos-scaled.jpg","type":"image\/jpeg"}],"author":"Academia del Empresario","twitter_card":"summary_large_image","twitter_misc":{"Scritto da":"Academia del Empresario","Tempo di lettura stimato":"3 minuti"},"schema":{"@context":"https:\/\/schema.org","@graph":[{"@type":"Article","@id":"https:\/\/www.stefano-melis.com\/consultor-empresarial-de-alto-impacto-habilidades-fundamentales\/#article","isPartOf":{"@id":"https:\/\/www.stefano-melis.com\/consultor-empresarial-de-alto-impacto-habilidades-fundamentales\/"},"author":{"name":"Academia del Empresario","@id":"https:\/\/www.stefano-melis.com\/#\/schema\/person\/11bea5ff8647f5fe6da3357a73dace98"},"headline":"El Consultor para Directivos: Tu Rol como Motor de Transformaci\u00f3n","datePublished":"2025-07-28T07:35:46+00:00","mainEntityOfPage":{"@id":"https:\/\/www.stefano-melis.com\/consultor-empresarial-de-alto-impacto-habilidades-fundamentales\/"},"wordCount":764,"image":{"@id":"https:\/\/www.stefano-melis.com\/consultor-empresarial-de-alto-impacto-habilidades-fundamentales\/#primaryimage"},"thumbnailUrl":"https:\/\/www.stefano-melis.com\/wp-content\/uploads\/2025\/07\/consultor-para-directivos-scaled.jpg","articleSection":["Mentoring"],"inLanguage":"it-IT"},{"@type":"WebPage","@id":"https:\/\/www.stefano-melis.com\/consultor-empresarial-de-alto-impacto-habilidades-fundamentales\/","url":"https:\/\/www.stefano-melis.com\/consultor-empresarial-de-alto-impacto-habilidades-fundamentales\/","name":"Consultor para Directivos - Stefano Melis","isPartOf":{"@id":"https:\/\/www.stefano-melis.com\/#website"},"primaryImageOfPage":{"@id":"https:\/\/www.stefano-melis.com\/consultor-empresarial-de-alto-impacto-habilidades-fundamentales\/#primaryimage"},"image":{"@id":"https:\/\/www.stefano-melis.com\/consultor-empresarial-de-alto-impacto-habilidades-fundamentales\/#primaryimage"},"thumbnailUrl":"https:\/\/www.stefano-melis.com\/wp-content\/uploads\/2025\/07\/consultor-para-directivos-scaled.jpg","datePublished":"2025-07-28T07:35:46+00:00","author":{"@id":"https:\/\/www.stefano-melis.com\/#\/schema\/person\/11bea5ff8647f5fe6da3357a73dace98"},"description":"Como consultor para directivos te damos unas pautas para que veas tu rol y c\u00f3mo ser mejor directivo y l\u00edder. Es un art\u00edculo a tener en cuenta","breadcrumb":{"@id":"https:\/\/www.stefano-melis.com\/consultor-empresarial-de-alto-impacto-habilidades-fundamentales\/#breadcrumb"},"inLanguage":"it-IT","potentialAction":[{"@type":"ReadAction","target":["https:\/\/www.stefano-melis.com\/consultor-empresarial-de-alto-impacto-habilidades-fundamentales\/"]}]},{"@type":"ImageObject","inLanguage":"it-IT","@id":"https:\/\/www.stefano-melis.com\/consultor-empresarial-de-alto-impacto-habilidades-fundamentales\/#primaryimage","url":"https:\/\/www.stefano-melis.com\/wp-content\/uploads\/2025\/07\/consultor-para-directivos-scaled.jpg","contentUrl":"https:\/\/www.stefano-melis.com\/wp-content\/uploads\/2025\/07\/consultor-para-directivos-scaled.jpg","width":2560,"height":1707,"caption":"consultor para directivos"},{"@type":"BreadcrumbList","@id":"https:\/\/www.stefano-melis.com\/consultor-empresarial-de-alto-impacto-habilidades-fundamentales\/#breadcrumb","itemListElement":[{"@type":"ListItem","position":1,"name":"Portada","item":"https:\/\/www.stefano-melis.com\/"},{"@type":"ListItem","position":2,"name":"El Consultor para Directivos: Tu Rol como Motor de Transformaci\u00f3n"}]},{"@type":"WebSite","@id":"https:\/\/www.stefano-melis.com\/#website","url":"https:\/\/www.stefano-melis.com\/","name":"Stefano Melis - Consultor estrat\u00e9gico empresarial","description":"Consulente strategico aziendale","potentialAction":[{"@type":"SearchAction","target":{"@type":"EntryPoint","urlTemplate":"https:\/\/www.stefano-melis.com\/?s={search_term_string}"},"query-input":{"@type":"PropertyValueSpecification","valueRequired":true,"valueName":"search_term_string"}}],"inLanguage":"it-IT"},{"@type":"Person","@id":"https:\/\/www.stefano-melis.com\/#\/schema\/person\/11bea5ff8647f5fe6da3357a73dace98","name":"Academia del Empresario","image":{"@type":"ImageObject","inLanguage":"it-IT","@id":"https:\/\/secure.gravatar.com\/avatar\/9b10a872fa0edad9c0afe23eec9d56795bc10cb5e16a31f09009c893cd9249cc?s=96&d=mm&r=g","url":"https:\/\/secure.gravatar.com\/avatar\/9b10a872fa0edad9c0afe23eec9d56795bc10cb5e16a31f09009c893cd9249cc?s=96&d=mm&r=g","contentUrl":"https:\/\/secure.gravatar.com\/avatar\/9b10a872fa0edad9c0afe23eec9d56795bc10cb5e16a31f09009c893cd9249cc?s=96&d=mm&r=g","caption":"Academia del Empresario"},"url":"https:\/\/www.stefano-melis.com\/it\/author\/seoinweb2021\/"}]}},"_links":{"self":[{"href":"https:\/\/www.stefano-melis.com\/it\/wp-json\/wp\/v2\/posts\/6912","targetHints":{"allow":["GET"]}}],"collection":[{"href":"https:\/\/www.stefano-melis.com\/it\/wp-json\/wp\/v2\/posts"}],"about":[{"href":"https:\/\/www.stefano-melis.com\/it\/wp-json\/wp\/v2\/types\/post"}],"author":[{"embeddable":true,"href":"https:\/\/www.stefano-melis.com\/it\/wp-json\/wp\/v2\/users\/5"}],"replies":[{"embeddable":true,"href":"https:\/\/www.stefano-melis.com\/it\/wp-json\/wp\/v2\/comments?post=6912"}],"version-history":[{"count":9,"href":"https:\/\/www.stefano-melis.com\/it\/wp-json\/wp\/v2\/posts\/6912\/revisions"}],"predecessor-version":[{"id":6927,"href":"https:\/\/www.stefano-melis.com\/it\/wp-json\/wp\/v2\/posts\/6912\/revisions\/6927"}],"wp:featuredmedia":[{"embeddable":true,"href":"https:\/\/www.stefano-melis.com\/it\/wp-json\/wp\/v2\/media\/6914"}],"wp:attachment":[{"href":"https:\/\/www.stefano-melis.com\/it\/wp-json\/wp\/v2\/media?parent=6912"}],"wp:term":[{"taxonomy":"category","embeddable":true,"href":"https:\/\/www.stefano-melis.com\/it\/wp-json\/wp\/v2\/categories?post=6912"},{"taxonomy":"post_tag","embeddable":true,"href":"https:\/\/www.stefano-melis.com\/it\/wp-json\/wp\/v2\/tags?post=6912"}],"curies":[{"name":"wp","href":"https:\/\/api.w.org\/{rel}","templated":true}]}}