{"id":6938,"date":"2025-08-05T10:18:36","date_gmt":"2025-08-05T08:18:36","guid":{"rendered":"https:\/\/www.stefano-melis.com\/?p=6938"},"modified":"2025-07-24T10:19:19","modified_gmt":"2025-07-24T08:19:19","slug":"las-responsabilidades-clave-que-un-consultor-empresarial-de-alto-nivel-asume","status":"publish","type":"post","link":"https:\/\/www.stefano-melis.com\/it\/las-responsabilidades-clave-que-un-consultor-empresarial-de-alto-nivel-asume\/","title":{"rendered":"Las responsabilidades clave que un consultor empresarial de alto nivel asume"},"content":{"rendered":"<div data-elementor-type=\"wp-post\" data-elementor-id=\"6938\" class=\"elementor elementor-6938\" data-elementor-post-type=\"post\">\n\t\t\t\t<div class=\"elementor-element elementor-element-1f743fb e-flex e-con-boxed e-con e-parent\" data-id=\"1f743fb\" data-element_type=\"container\" data-e-type=\"container\">\n\t\t\t\t\t<div class=\"e-con-inner\">\n\t\t\t\t<div class=\"elementor-element elementor-element-25b9176 elementor-widget elementor-widget-heading\" data-id=\"25b9176\" data-element_type=\"widget\" data-e-type=\"widget\" data-widget_type=\"heading.default\">\n\t\t\t\t<div class=\"elementor-widget-container\">\n\t\t\t\t\t<h1 class=\"elementor-heading-title elementor-size-default\">Las responsabilidades clave que un consultor empresarial de alto nivel asume<\/h1>\t\t\t\t<\/div>\n\t\t\t\t<\/div>\n\t\t\t\t\t<\/div>\n\t\t\t\t<\/div>\n\t\t<div class=\"elementor-element elementor-element-c1cc7be e-flex e-con-boxed e-con e-parent\" data-id=\"c1cc7be\" data-element_type=\"container\" data-e-type=\"container\">\n\t\t\t\t\t<div class=\"e-con-inner\">\n\t\t\t\t<div class=\"elementor-element elementor-element-7452a1f elementor-widget elementor-widget-heading\" data-id=\"7452a1f\" data-element_type=\"widget\" data-e-type=\"widget\" data-widget_type=\"heading.default\">\n\t\t\t\t<div class=\"elementor-widget-container\">\n\t\t\t\t\t<h2 class=\"elementor-heading-title elementor-size-default\">Diagn\u00f3stico Preciso y Profundo<\/h2>\t\t\t\t<\/div>\n\t\t\t\t<\/div>\n\t\t\t\t<div class=\"elementor-element elementor-element-30a0566 elementor-widget elementor-widget-text-editor\" data-id=\"30a0566\" data-element_type=\"widget\" data-e-type=\"widget\" data-widget_type=\"text-editor.default\">\n\t\t\t\t<div class=\"elementor-widget-container\">\n\t\t\t\t\t\t\t\t\t<p>La primera y fundamental responsabilidad es ir m\u00e1s all\u00e1 de los s\u00edntomas. Un consultor debe <b>identificar las causas ra\u00edz<\/b> de los problemas de una empresa. Esto implica:<\/p><ul><li><strong>Comprender el Negocio<\/strong>: Sum\u00e9rgete en la misi\u00f3n, visi\u00f3n, valores, estructura, procesos, finanzas y cultura del cliente.<\/li><li><strong>An\u00e1lisis Exhaustivo<\/strong>: Recopilar informaciones , entrevistar a los actores importantes de la empresas que te contracta, observar y analizar para tener una visi\u00f3n 360 grados de la situaci\u00f3n actual.<\/li><li><strong>Identificar Oportunidades y Retos<\/strong>: No solo buscar problemas, sino tambi\u00e9n \u00e1reas de crecimiento sin explotar y desaf\u00edos futuros.<\/li><\/ul>\t\t\t\t\t\t\t\t<\/div>\n\t\t\t\t<\/div>\n\t\t\t\t\t<\/div>\n\t\t\t\t<\/div>\n\t\t<div class=\"elementor-element elementor-element-d762cac e-flex e-con-boxed e-con e-parent\" data-id=\"d762cac\" data-element_type=\"container\" data-e-type=\"container\">\n\t\t\t\t\t<div class=\"e-con-inner\">\n\t\t\t\t<div class=\"elementor-element elementor-element-17125d2 elementor-widget elementor-widget-heading\" data-id=\"17125d2\" data-element_type=\"widget\" data-e-type=\"widget\" data-widget_type=\"heading.default\">\n\t\t\t\t<div class=\"elementor-widget-container\">\n\t\t\t\t\t<h2 class=\"elementor-heading-title elementor-size-default\">Dise\u00f1o de Soluciones Estrat\u00e9gicas y Personalizadas<\/h2>\t\t\t\t<\/div>\n\t\t\t\t<\/div>\n\t\t\t\t<div class=\"elementor-element elementor-element-1dd497b elementor-widget elementor-widget-text-editor\" data-id=\"1dd497b\" data-element_type=\"widget\" data-e-type=\"widget\" data-widget_type=\"text-editor.default\">\n\t\t\t\t<div class=\"elementor-widget-container\">\n\t\t\t\t\t\t\t\t\t<p>Una vez diagnosticado el problema, la responsabilidad es <strong>crear planes de acci\u00f3n viables y a medida<\/strong>, no soluciones gen\u00e9ricas. Esto incluye:<\/p><ul><li><strong>Co-creaci\u00f3n con el Cliente<\/strong>: Las mejores soluciones se dise\u00f1an junto al directivo, asegurando su apropiaci\u00f3n y compromiso con el cambio.<\/li><li><strong>Propuestas Pr\u00e1cticas<\/strong>: Las estrategias deben ser realistas y aplicables a los recursos y la realidad del cliente, con pasos claros y accionables.<\/li><li><strong>Visi\u00f3n a Largo Plazo<\/strong>: Las soluciones no deben ser parches temporales, sino que deben sentar las bases para un crecimiento y una autonom\u00eda sostenibles.<\/li><\/ul>\t\t\t\t\t\t\t\t<\/div>\n\t\t\t\t<\/div>\n\t\t\t\t\t<\/div>\n\t\t\t\t<\/div>\n\t\t<div class=\"elementor-element elementor-element-865c06f e-flex e-con-boxed e-con e-parent\" data-id=\"865c06f\" data-element_type=\"container\" data-e-type=\"container\">\n\t\t\t\t\t<div class=\"e-con-inner\">\n\t\t\t\t<div class=\"elementor-element elementor-element-cf0d90e elementor-widget elementor-widget-heading\" data-id=\"cf0d90e\" data-element_type=\"widget\" data-e-type=\"widget\" data-widget_type=\"heading.default\">\n\t\t\t\t<div class=\"elementor-widget-container\">\n\t\t\t\t\t<h2 class=\"elementor-heading-title elementor-size-default\">Facilitaci\u00f3n y Acompa\u00f1amiento en la Implementaci\u00f3n<\/h2>\t\t\t\t<\/div>\n\t\t\t\t<\/div>\n\t\t\t\t<div class=\"elementor-element elementor-element-6825924 elementor-widget elementor-widget-text-editor\" data-id=\"6825924\" data-element_type=\"widget\" data-e-type=\"widget\" data-widget_type=\"text-editor.default\">\n\t\t\t\t<div class=\"elementor-widget-container\">\n\t\t\t\t\t\t\t\t\t<p>Aqu\u00ed es donde el consultor se diferencia de un mero asesor. La responsabilidad es <strong>asegurar que la estrategia se traduzca en acci\u00f3n y resultados<\/strong>. Esto implica:<\/p>\t\t\t\t\t\t\t\t<\/div>\n\t\t\t\t<\/div>\n\t\t\t\t<div class=\"elementor-element elementor-element-e3a6568 elementor-widget elementor-widget-ucaddon_vertical_curve_timeline\" data-id=\"e3a6568\" data-element_type=\"widget\" data-e-type=\"widget\" data-widget_type=\"ucaddon_vertical_curve_timeline.default\">\n\t\t\t\t<div class=\"elementor-widget-container\">\n\t\t\t\t\t\n<!-- start Vertical Curved Timeline -->\n\t\t<link id='font-awesome-css' href='https:\/\/www.stefano-melis.com\/wp-content\/plugins\/unlimited-elements-for-elementor-premium\/assets_libraries\/font-awesome6\/fontawesome-all.min.css' type='text\/css' rel='stylesheet' >\n\t\t<link id='font-awesome-4-shim-css' href='https:\/\/www.stefano-melis.com\/wp-content\/plugins\/unlimited-elements-for-elementor-premium\/assets_libraries\/font-awesome6\/fontawesome-v4-shims.min.css' type='text\/css' rel='stylesheet' >\n\n<style>\/* widget: Vertical Curved Timeline *\/\n\n#uc_vertical_curve_timeline_elementor_e3a6568.ue-container{\n  width: 100%;\n  display: flex;\n  align-items: center;\n}\n\n\/* Timeline Container *\/\n\n#uc_vertical_curve_timeline_elementor_e3a6568 .ue-timeline {\n  width:100%;\n  margin: 0 auto;\n  padding: 0 20px;\n}\n\n#uc_vertical_curve_timeline_elementor_e3a6568 .ue-item-image{\n  overflow:hidden;\n}\n\n#uc_vertical_curve_timeline_elementor_e3a6568 .ue-item-image img{\n  width:100%;\n  height: 100%;\n  transition:0.3s;\n}\n\n\/* Card container *\/\n#uc_vertical_curve_timeline_elementor_e3a6568 .ue-card {\n  position: relative;\n  display: flex;\n}\n\n#uc_vertical_curve_timeline_elementor_e3a6568 .ue-slno{\n  border-radius: 50%;\n  position: absolute;\n  top: 50%;\n  left: 0;\n  transform: translate(-50%, -50%);\n  display: grid;\n  place-content: center;\n}\n\n\/* setting padding based on even or odd *\/\n  #uc_vertical_curve_timeline_elementor_e3a6568 .ue-card:nth-child(odd) {\n    padding: 30px 0 30px 30px;\n  }\n  #uc_vertical_curve_timeline_elementor_e3a6568 .ue-card:nth-child(even) {\n    padding: 30px 30px 30px 0;\n  }\n  \/* Global ::before *\/\n  #uc_vertical_curve_timeline_elementor_e3a6568 .ue-card::before {\n    content: \"\";\n    position: absolute;\n    width: 50%;\n  }\n\n  \/* Setting the border of top, bottom, left *\/\n  #uc_vertical_curve_timeline_elementor_e3a6568 .ue-card:nth-child(odd)::before {\n    left: 0px;\n    top: -5px;\n    bottom: -5px;\n    border-width: 5px 0 5px 5px;\n    border-radius: 20px 0 0 20px;\n  }\n\n  \/* Setting the top and bottom to \"-5px\" because earlier it was out of a pixel in mobile devices *\/\n  @media only screen and (max-width: 400px) {\n    #uc_vertical_curve_timeline_elementor_e3a6568 .ue-card:nth-child(odd)::before {\n      top: -5px;\n      bottom: -5px;\n    }\n  }\n\n  \/* Setting the border of top, bottom, right *\/\n  #uc_vertical_curve_timeline_elementor_e3a6568 .ue-card:nth-child(even)::before {\n    right: 0;\n    top: 0;\n    bottom: 0;\n    border-width: 5px 5px 5px 0;\n    border-radius: 0 20px 20px 0;\n  }\n\n  \/* Removing the border if it is the first card *\/\n  #uc_vertical_curve_timeline_elementor_e3a6568 .ue-card:first-child::before {\n    border-top: 0;\n    border-top-left-radius: 0;\n  }\n\n  \/* Removing the border if it is the last card  and it's odd *\/\n  #uc_vertical_curve_timeline_elementor_e3a6568 .ue-card:last-child:nth-child(odd)::before {\n    border-bottom: 0;\n    border-bottom-left-radius: 0;\n  }\n\n  \/* Removing the border if it is the last card  and it's even *\/\n  #uc_vertical_curve_timeline_elementor_e3a6568 .ue-card:last-child:nth-child(even)::before {\n    border-bottom: 0;\n    border-bottom-right-radius: 0;\n  }\n\n  \/* Information about the timeline *\/\n  #uc_vertical_curve_timeline_elementor_e3a6568 .ue-info {\n    display: flex;\n    flex-direction: column;\n    border-radius: 10px;\n    padding: 10px;\n    width: 100%;\n  }\n\n  \/* Title of the card *\/\n  #uc_vertical_curve_timeline_elementor_e3a6568 .ue-title {\n    position: relative;\n  }\n\n  \/* Timeline dot  *\/\n\n  \/* text right if the card is even  *\/\n  #uc_vertical_curve_timeline_elementor_e3a6568 .ue-card:nth-child(even) {\n    text-align: right;\n  }\n\n  #uc_vertical_curve_timeline_elementor_e3a6568 .ue-card:nth-child(even) .ue-item-image{\n    margin-left: auto;\n  }\n\n  #uc_vertical_curve_timeline_elementor_e3a6568 .ue-card:nth-child(even) .ue-info{\n    padding-right: 20px;\n    margin-left: auto;\n  }\n\n  #uc_vertical_curve_timeline_elementor_e3a6568 .ue-card:nth-child(odd) .ue-info{\n    padding-left: 20px;\n  }\n\n  \/* setting dot to the left if the card is odd *\/\n  #uc_vertical_curve_timeline_elementor_e3a6568 .ue-card:nth-child(odd) > .ue-info > .ue-title::before {\n    left: -45px;\n  }\n\n  #uc_vertical_curve_timeline_elementor_e3a6568 .ue-card:nth-child(even) > .ue-slno{\n    right: 0%;\n    left: auto;\n    transform: translate(50%, -50%);\n    margin-right:2px;\n  }\n\n  #uc_vertical_curve_timeline_elementor_e3a6568 .ue-card:nth-child(odd) > .ue-slno{\n    margin-left:2px;\n  }\n\n  #uc_vertical_curve_timeline_elementor_e3a6568 .ue-card:nth-child(1)::before{\n    height: 50%;\n    top: auto;\n  }\n\n  #uc_vertical_curve_timeline_elementor_e3a6568 .ue-card:last-child::before{\n    height: 50%;\n  }\n\n  #uc_vertical_curve_timeline_elementor_e3a6568 .ue-button-link{\n    width:fit-content;\n    z-index: 100;\n  }\n\n  #uc_vertical_curve_timeline_elementor_e3a6568 .ue-card:nth-child(even) .ue-button-link {\n    margin-left:auto;\n  }\n\n\n\n<\/style>\n\n<div id=\"uc_vertical_curve_timeline_elementor_e3a6568\" class=\"ue-container\">\n  <div class=\"ue-timeline\">\n    <div class=\"ue-outer\">              \n      <div class=\"ue-card elementor-repeater-item-cc17872\">\n  \n  <div class=\"ue-slno\">\n    1          \n  <\/div>\n  \n  <div class=\"ue-info\">\n                    \t\n    <h3 class=\"ue-title\">Gu\u00eda en la Ejecuci\u00f3n<\/h3>        <div class=\"ue-description\">Ayudar al cliente a desglosar el plan en tareas concretas, establecer cronogramas y asignar responsabilidades.<\/div>               <\/div>\n<\/div>\n<div class=\"ue-card elementor-repeater-item-a9c4473\">\n  \n  <div class=\"ue-slno\">\n    2          \n  <\/div>\n  \n  <div class=\"ue-info\">\n                    \t\n    <h3 class=\"ue-title\">Superar Obst\u00e1culos<\/h3>        <div class=\"ue-description\">Actuar como un socio para identificar y resolver los desaf\u00edos que surjan durante la implementaci\u00f3n, tanto operativos como humanos (resistencia al cambio, falta de habilidades).<\/div>               <\/div>\n<\/div>\n<div class=\"ue-card elementor-repeater-item-29a0269\">\n  \n  <div class=\"ue-slno\">\n    3          \n  <\/div>\n  \n  <div class=\"ue-info\">\n                    \t\n    <h3 class=\"ue-title\">Transferencia de Conocimiento<\/h3>        <div class=\"ue-description\"><p>Capacitar al directivo y a su equipo en las nuevas herramientas, procesos y mentalidades necesarias para sostener los cambios. Aqu\u00ed tu <a href=\"https:\/\/www.stefano-melis.com\/it\/mi-metodo\/\"><strong>m\u00e9todo CCF (Coaching, Consultor\u00eda, Formaci\u00f3n)<\/strong><\/a> es el pilar central de esta responsabilidad, garantizando que el cliente no solo entienda, sino que sepa hacer.<\/p><\/div>               <\/div>\n<\/div>\n\n    <\/div>\n  <\/div>\n<\/div>\n<!-- end Vertical Curved Timeline -->\t\t\t\t<\/div>\n\t\t\t\t<\/div>\n\t\t\t\t\t<\/div>\n\t\t\t\t<\/div>\n\t\t<div class=\"elementor-element elementor-element-fc3db32 e-flex e-con-boxed e-con e-parent\" data-id=\"fc3db32\" data-element_type=\"container\" data-e-type=\"container\">\n\t\t\t\t\t<div class=\"e-con-inner\">\n\t\t\t\t<div class=\"elementor-element elementor-element-d65ae76 elementor-widget elementor-widget-heading\" data-id=\"d65ae76\" data-element_type=\"widget\" data-e-type=\"widget\" data-widget_type=\"heading.default\">\n\t\t\t\t<div class=\"elementor-widget-container\">\n\t\t\t\t\t<h2 class=\"elementor-heading-title elementor-size-default\">Monitoreo, Medici\u00f3n de Resultados y Ajuste Continuo<\/h2>\t\t\t\t<\/div>\n\t\t\t\t<\/div>\n\t\t\t\t<div class=\"elementor-element elementor-element-29d6f80 elementor-widget elementor-widget-text-editor\" data-id=\"29d6f80\" data-element_type=\"widget\" data-e-type=\"widget\" data-widget_type=\"text-editor.default\">\n\t\t\t\t<div class=\"elementor-widget-container\">\n\t\t\t\t\t\t\t\t\t<p>La responsabilidad del consultor no termina con la \u00abpuesta en marcha\u00bb. Es vital <strong>medir el progreso y asegurar la eficacia de las soluciones<\/strong>. Esto conlleva:<\/p><ul><li><strong>Establecer KPIs<\/strong>: Definir los indicadores clave de rendimiento para evaluar el \u00e9xito de las iniciativas.<\/li><li><strong>Seguimiento Peri\u00f3dico<\/strong>: Realizar revisiones regulares para analizar los avances, identificar desviaciones y ajustar la estrategia si es necesario.<\/li><li><strong>Rendici\u00f3n de Cuentas Constructiva<\/strong>: Mantener al cliente enfocado en los objetivos, ofreciendo feedback y motivaci\u00f3n para mantener el impulso.<\/li><li><strong>Cultura de Mejora Continua<\/strong>: Inculcar en la organizaci\u00f3n la importancia de aprender de los resultados y adaptarse constantemente al entorno.<\/li><\/ul>\t\t\t\t\t\t\t\t<\/div>\n\t\t\t\t<\/div>\n\t\t\t\t\t<\/div>\n\t\t\t\t<\/div>\n\t\t<div class=\"elementor-element elementor-element-eeb1198 e-flex e-con-boxed e-con e-parent\" data-id=\"eeb1198\" data-element_type=\"container\" data-e-type=\"container\">\n\t\t\t\t\t<div class=\"e-con-inner\">\n\t\t\t\t<div class=\"elementor-element elementor-element-ea5f58b elementor-widget elementor-widget-heading\" data-id=\"ea5f58b\" data-element_type=\"widget\" data-e-type=\"widget\" data-widget_type=\"heading.default\">\n\t\t\t\t<div class=\"elementor-widget-container\">\n\t\t\t\t\t<h2 class=\"elementor-heading-title elementor-size-default\">Desarrollo de Capacidades Internas<\/h2>\t\t\t\t<\/div>\n\t\t\t\t<\/div>\n\t\t\t\t<div class=\"elementor-element elementor-element-da4a8bb elementor-widget elementor-widget-text-editor\" data-id=\"da4a8bb\" data-element_type=\"widget\" data-e-type=\"widget\" data-widget_type=\"text-editor.default\">\n\t\t\t\t<div class=\"elementor-widget-container\">\n\t\t\t\t\t\t\t\t\t<p>Una responsabilidad fundamental es dejar al cliente mejor de lo que lo encontraste, capacit\u00e1ndolo para el futuro. Esto significa:<\/p><ul><li><b>Empoderamiento del Liderazgo<\/b>: Fortalecer las habilidades de gesti\u00f3n, toma de decisiones y liderazgo del directivo.<\/li><li><b>Creaci\u00f3n de Autonom\u00eda<\/b>: Ayudar a la empresa a establecer sistemas y procesos que funcionen sin la constante intervenci\u00f3n externa, ni siquiera del propio consultor.<\/li><li><b>Generaci\u00f3n de Impacto Sostenible<\/b>: Asegurar que los cambios implementados no sean temporales, sino que la empresa tenga las herramientas y la mentalidad para seguir creciendo y adapt\u00e1ndose por s\u00ed misma.<\/li><\/ul><p>La responsabilidad de un <a href=\"https:\/\/www.stefano-melis.com\/it\/\">consultor empresarial<\/a> es ser un <b>verdadero socio en la transformaci\u00f3n<\/b>, no solo un proveedor de informaci\u00f3n. Es comprometerse con el <b>proceso completo, desde el an\u00e1lisis hasta la obtenci\u00f3n de resultados sostenibles<\/b>, construyendo una empresa m\u00e1s fuerte y un l\u00edder m\u00e1s capaz.<\/p>\t\t\t\t\t\t\t\t<\/div>\n\t\t\t\t<\/div>\n\t\t\t\t\t<\/div>\n\t\t\t\t<\/div>\n\t\t\t\t<\/div>","protected":false},"excerpt":{"rendered":"<p>Diagn\u00f3stico Preciso y Profundo La primera y fundamental responsabilidad es ir m\u00e1s all\u00e1 de los s\u00edntomas. Un consultor debe identificar las causas ra\u00edz de los problemas de una empresa. Esto implica: Comprender el Negocio: Sum\u00e9rgete en la misi\u00f3n, visi\u00f3n, valores, estructura, procesos, finanzas y cultura del cliente. An\u00e1lisis Exhaustivo: Recopilar informaciones , entrevistar a los&#8230;<\/p>","protected":false},"author":5,"featured_media":6940,"comment_status":"closed","ping_status":"closed","sticky":false,"template":"","format":"standard","meta":{"inline_featured_image":false,"_kad_post_transparent":"","_kad_post_title":"","_kad_post_layout":"","_kad_post_sidebar_id":"","_kad_post_content_style":"","_kad_post_vertical_padding":"","_kad_post_feature":"","_kad_post_feature_position":"","_kad_post_header":false,"_kad_post_footer":false,"_kad_post_classname":"","footnotes":""},"categories":[60],"tags":[],"class_list":["post-6938","post","type-post","status-publish","format-standard","has-post-thumbnail","hentry","category-mentoring"],"yoast_head":"<!-- This site is optimized with the Yoast SEO plugin v27.5 - https:\/\/yoast.com\/product\/yoast-seo-wordpress\/ -->\n<title>Responsabilidades Clave Consultor Empresarial - Stefano Melis<\/title>\n<meta name=\"description\" content=\"Te comentamos las responsabilidades clave que tiene un consultor empresarial cuando realiza su trabajo. \u00bfEst\u00e1s en busca de uno? Inf\u00f3rmate.\" \/>\n<meta name=\"robots\" content=\"index, follow, max-snippet:-1, max-image-preview:large, max-video-preview:-1\" \/>\n<link rel=\"canonical\" href=\"https:\/\/www.stefano-melis.com\/it\/las-responsabilidades-clave-que-un-consultor-empresarial-de-alto-nivel-asume\/\" \/>\n<meta property=\"og:locale\" content=\"it_IT\" \/>\n<meta property=\"og:type\" content=\"article\" \/>\n<meta property=\"og:title\" content=\"Responsabilidades Clave Consultor Empresarial - Stefano Melis\" \/>\n<meta property=\"og:description\" content=\"Te comentamos las responsabilidades clave que tiene un consultor empresarial cuando realiza su trabajo. \u00bfEst\u00e1s en busca de uno? Inf\u00f3rmate.\" \/>\n<meta property=\"og:url\" content=\"https:\/\/www.stefano-melis.com\/it\/las-responsabilidades-clave-que-un-consultor-empresarial-de-alto-nivel-asume\/\" \/>\n<meta property=\"og:site_name\" content=\"Stefano Melis\" \/>\n<meta property=\"article:published_time\" content=\"2025-08-05T08:18:36+00:00\" \/>\n<meta property=\"og:image\" content=\"https:\/\/www.stefano-melis.com\/wp-content\/uploads\/2025\/07\/responsabilidad-de-un-consultor-empresarial-scaled.jpg\" \/>\n\t<meta property=\"og:image:width\" content=\"2560\" \/>\n\t<meta property=\"og:image:height\" content=\"1707\" \/>\n\t<meta property=\"og:image:type\" content=\"image\/jpeg\" \/>\n<meta name=\"author\" content=\"Academia del Empresario\" \/>\n<meta name=\"twitter:card\" content=\"summary_large_image\" \/>\n<meta name=\"twitter:label1\" content=\"Scritto da\" \/>\n\t<meta name=\"twitter:data1\" content=\"Academia del Empresario\" \/>\n\t<meta name=\"twitter:label2\" content=\"Tempo di lettura stimato\" \/>\n\t<meta name=\"twitter:data2\" content=\"3 minuti\" \/>\n<script type=\"application\/ld+json\" class=\"yoast-schema-graph\">{\"@context\":\"https:\\\/\\\/schema.org\",\"@graph\":[{\"@type\":\"Article\",\"@id\":\"https:\\\/\\\/www.stefano-melis.com\\\/las-responsabilidades-clave-que-un-consultor-empresarial-de-alto-nivel-asume\\\/#article\",\"isPartOf\":{\"@id\":\"https:\\\/\\\/www.stefano-melis.com\\\/las-responsabilidades-clave-que-un-consultor-empresarial-de-alto-nivel-asume\\\/\"},\"author\":{\"name\":\"Academia del Empresario\",\"@id\":\"https:\\\/\\\/www.stefano-melis.com\\\/#\\\/schema\\\/person\\\/11bea5ff8647f5fe6da3357a73dace98\"},\"headline\":\"Las responsabilidades clave que un consultor empresarial de alto nivel asume\",\"datePublished\":\"2025-08-05T08:18:36+00:00\",\"mainEntityOfPage\":{\"@id\":\"https:\\\/\\\/www.stefano-melis.com\\\/las-responsabilidades-clave-que-un-consultor-empresarial-de-alto-nivel-asume\\\/\"},\"wordCount\":615,\"image\":{\"@id\":\"https:\\\/\\\/www.stefano-melis.com\\\/las-responsabilidades-clave-que-un-consultor-empresarial-de-alto-nivel-asume\\\/#primaryimage\"},\"thumbnailUrl\":\"https:\\\/\\\/www.stefano-melis.com\\\/wp-content\\\/uploads\\\/2025\\\/07\\\/responsabilidad-de-un-consultor-empresarial-scaled.jpg\",\"articleSection\":[\"Mentoring\"],\"inLanguage\":\"it-IT\"},{\"@type\":\"WebPage\",\"@id\":\"https:\\\/\\\/www.stefano-melis.com\\\/las-responsabilidades-clave-que-un-consultor-empresarial-de-alto-nivel-asume\\\/\",\"url\":\"https:\\\/\\\/www.stefano-melis.com\\\/las-responsabilidades-clave-que-un-consultor-empresarial-de-alto-nivel-asume\\\/\",\"name\":\"Responsabilidades Clave Consultor Empresarial - Stefano Melis\",\"isPartOf\":{\"@id\":\"https:\\\/\\\/www.stefano-melis.com\\\/#website\"},\"primaryImageOfPage\":{\"@id\":\"https:\\\/\\\/www.stefano-melis.com\\\/las-responsabilidades-clave-que-un-consultor-empresarial-de-alto-nivel-asume\\\/#primaryimage\"},\"image\":{\"@id\":\"https:\\\/\\\/www.stefano-melis.com\\\/las-responsabilidades-clave-que-un-consultor-empresarial-de-alto-nivel-asume\\\/#primaryimage\"},\"thumbnailUrl\":\"https:\\\/\\\/www.stefano-melis.com\\\/wp-content\\\/uploads\\\/2025\\\/07\\\/responsabilidad-de-un-consultor-empresarial-scaled.jpg\",\"datePublished\":\"2025-08-05T08:18:36+00:00\",\"author\":{\"@id\":\"https:\\\/\\\/www.stefano-melis.com\\\/#\\\/schema\\\/person\\\/11bea5ff8647f5fe6da3357a73dace98\"},\"description\":\"Te comentamos las responsabilidades clave que tiene un consultor empresarial cuando realiza su trabajo. \u00bfEst\u00e1s en busca de uno? Inf\u00f3rmate.\",\"breadcrumb\":{\"@id\":\"https:\\\/\\\/www.stefano-melis.com\\\/las-responsabilidades-clave-que-un-consultor-empresarial-de-alto-nivel-asume\\\/#breadcrumb\"},\"inLanguage\":\"it-IT\",\"potentialAction\":[{\"@type\":\"ReadAction\",\"target\":[\"https:\\\/\\\/www.stefano-melis.com\\\/las-responsabilidades-clave-que-un-consultor-empresarial-de-alto-nivel-asume\\\/\"]}]},{\"@type\":\"ImageObject\",\"inLanguage\":\"it-IT\",\"@id\":\"https:\\\/\\\/www.stefano-melis.com\\\/las-responsabilidades-clave-que-un-consultor-empresarial-de-alto-nivel-asume\\\/#primaryimage\",\"url\":\"https:\\\/\\\/www.stefano-melis.com\\\/wp-content\\\/uploads\\\/2025\\\/07\\\/responsabilidad-de-un-consultor-empresarial-scaled.jpg\",\"contentUrl\":\"https:\\\/\\\/www.stefano-melis.com\\\/wp-content\\\/uploads\\\/2025\\\/07\\\/responsabilidad-de-un-consultor-empresarial-scaled.jpg\",\"width\":2560,\"height\":1707,\"caption\":\"responsabilidad de un consultor empresarial\"},{\"@type\":\"BreadcrumbList\",\"@id\":\"https:\\\/\\\/www.stefano-melis.com\\\/las-responsabilidades-clave-que-un-consultor-empresarial-de-alto-nivel-asume\\\/#breadcrumb\",\"itemListElement\":[{\"@type\":\"ListItem\",\"position\":1,\"name\":\"Portada\",\"item\":\"https:\\\/\\\/www.stefano-melis.com\\\/\"},{\"@type\":\"ListItem\",\"position\":2,\"name\":\"Las responsabilidades clave que un consultor empresarial de alto nivel asume\"}]},{\"@type\":\"WebSite\",\"@id\":\"https:\\\/\\\/www.stefano-melis.com\\\/#website\",\"url\":\"https:\\\/\\\/www.stefano-melis.com\\\/\",\"name\":\"Stefano Melis - Consultor estrat\u00e9gico empresarial\",\"description\":\"Consultor estrat\u00e9gico empresarial\",\"potentialAction\":[{\"@type\":\"SearchAction\",\"target\":{\"@type\":\"EntryPoint\",\"urlTemplate\":\"https:\\\/\\\/www.stefano-melis.com\\\/?s={search_term_string}\"},\"query-input\":{\"@type\":\"PropertyValueSpecification\",\"valueRequired\":true,\"valueName\":\"search_term_string\"}}],\"inLanguage\":\"it-IT\"},{\"@type\":\"Person\",\"@id\":\"https:\\\/\\\/www.stefano-melis.com\\\/#\\\/schema\\\/person\\\/11bea5ff8647f5fe6da3357a73dace98\",\"name\":\"Academia del Empresario\",\"image\":{\"@type\":\"ImageObject\",\"inLanguage\":\"it-IT\",\"@id\":\"https:\\\/\\\/secure.gravatar.com\\\/avatar\\\/9b10a872fa0edad9c0afe23eec9d56795bc10cb5e16a31f09009c893cd9249cc?s=96&d=mm&r=g\",\"url\":\"https:\\\/\\\/secure.gravatar.com\\\/avatar\\\/9b10a872fa0edad9c0afe23eec9d56795bc10cb5e16a31f09009c893cd9249cc?s=96&d=mm&r=g\",\"contentUrl\":\"https:\\\/\\\/secure.gravatar.com\\\/avatar\\\/9b10a872fa0edad9c0afe23eec9d56795bc10cb5e16a31f09009c893cd9249cc?s=96&d=mm&r=g\",\"caption\":\"Academia del Empresario\"},\"url\":\"https:\\\/\\\/www.stefano-melis.com\\\/it\\\/author\\\/seoinweb2021\\\/\"}]}<\/script>\n<!-- \/ Yoast SEO plugin. -->","yoast_head_json":{"title":"Responsabilidades Clave Consultor Empresarial - Stefano Melis","description":"Te comentamos las responsabilidades clave que tiene un consultor empresarial cuando realiza su trabajo. \u00bfEst\u00e1s en busca de uno? Inf\u00f3rmate.","robots":{"index":"index","follow":"follow","max-snippet":"max-snippet:-1","max-image-preview":"max-image-preview:large","max-video-preview":"max-video-preview:-1"},"canonical":"https:\/\/www.stefano-melis.com\/it\/las-responsabilidades-clave-que-un-consultor-empresarial-de-alto-nivel-asume\/","og_locale":"it_IT","og_type":"article","og_title":"Responsabilidades Clave Consultor Empresarial - Stefano Melis","og_description":"Te comentamos las responsabilidades clave que tiene un consultor empresarial cuando realiza su trabajo. \u00bfEst\u00e1s en busca de uno? Inf\u00f3rmate.","og_url":"https:\/\/www.stefano-melis.com\/it\/las-responsabilidades-clave-que-un-consultor-empresarial-de-alto-nivel-asume\/","og_site_name":"Stefano Melis","article_published_time":"2025-08-05T08:18:36+00:00","og_image":[{"width":2560,"height":1707,"url":"https:\/\/www.stefano-melis.com\/wp-content\/uploads\/2025\/07\/responsabilidad-de-un-consultor-empresarial-scaled.jpg","type":"image\/jpeg"}],"author":"Academia del Empresario","twitter_card":"summary_large_image","twitter_misc":{"Scritto da":"Academia del Empresario","Tempo di lettura stimato":"3 minuti"},"schema":{"@context":"https:\/\/schema.org","@graph":[{"@type":"Article","@id":"https:\/\/www.stefano-melis.com\/las-responsabilidades-clave-que-un-consultor-empresarial-de-alto-nivel-asume\/#article","isPartOf":{"@id":"https:\/\/www.stefano-melis.com\/las-responsabilidades-clave-que-un-consultor-empresarial-de-alto-nivel-asume\/"},"author":{"name":"Academia del Empresario","@id":"https:\/\/www.stefano-melis.com\/#\/schema\/person\/11bea5ff8647f5fe6da3357a73dace98"},"headline":"Las responsabilidades clave que un consultor empresarial de alto nivel asume","datePublished":"2025-08-05T08:18:36+00:00","mainEntityOfPage":{"@id":"https:\/\/www.stefano-melis.com\/las-responsabilidades-clave-que-un-consultor-empresarial-de-alto-nivel-asume\/"},"wordCount":615,"image":{"@id":"https:\/\/www.stefano-melis.com\/las-responsabilidades-clave-que-un-consultor-empresarial-de-alto-nivel-asume\/#primaryimage"},"thumbnailUrl":"https:\/\/www.stefano-melis.com\/wp-content\/uploads\/2025\/07\/responsabilidad-de-un-consultor-empresarial-scaled.jpg","articleSection":["Mentoring"],"inLanguage":"it-IT"},{"@type":"WebPage","@id":"https:\/\/www.stefano-melis.com\/las-responsabilidades-clave-que-un-consultor-empresarial-de-alto-nivel-asume\/","url":"https:\/\/www.stefano-melis.com\/las-responsabilidades-clave-que-un-consultor-empresarial-de-alto-nivel-asume\/","name":"Responsabilidades Clave Consultor Empresarial - Stefano Melis","isPartOf":{"@id":"https:\/\/www.stefano-melis.com\/#website"},"primaryImageOfPage":{"@id":"https:\/\/www.stefano-melis.com\/las-responsabilidades-clave-que-un-consultor-empresarial-de-alto-nivel-asume\/#primaryimage"},"image":{"@id":"https:\/\/www.stefano-melis.com\/las-responsabilidades-clave-que-un-consultor-empresarial-de-alto-nivel-asume\/#primaryimage"},"thumbnailUrl":"https:\/\/www.stefano-melis.com\/wp-content\/uploads\/2025\/07\/responsabilidad-de-un-consultor-empresarial-scaled.jpg","datePublished":"2025-08-05T08:18:36+00:00","author":{"@id":"https:\/\/www.stefano-melis.com\/#\/schema\/person\/11bea5ff8647f5fe6da3357a73dace98"},"description":"Te comentamos las responsabilidades clave que tiene un consultor empresarial cuando realiza su trabajo. \u00bfEst\u00e1s en busca de uno? Inf\u00f3rmate.","breadcrumb":{"@id":"https:\/\/www.stefano-melis.com\/las-responsabilidades-clave-que-un-consultor-empresarial-de-alto-nivel-asume\/#breadcrumb"},"inLanguage":"it-IT","potentialAction":[{"@type":"ReadAction","target":["https:\/\/www.stefano-melis.com\/las-responsabilidades-clave-que-un-consultor-empresarial-de-alto-nivel-asume\/"]}]},{"@type":"ImageObject","inLanguage":"it-IT","@id":"https:\/\/www.stefano-melis.com\/las-responsabilidades-clave-que-un-consultor-empresarial-de-alto-nivel-asume\/#primaryimage","url":"https:\/\/www.stefano-melis.com\/wp-content\/uploads\/2025\/07\/responsabilidad-de-un-consultor-empresarial-scaled.jpg","contentUrl":"https:\/\/www.stefano-melis.com\/wp-content\/uploads\/2025\/07\/responsabilidad-de-un-consultor-empresarial-scaled.jpg","width":2560,"height":1707,"caption":"responsabilidad de un consultor empresarial"},{"@type":"BreadcrumbList","@id":"https:\/\/www.stefano-melis.com\/las-responsabilidades-clave-que-un-consultor-empresarial-de-alto-nivel-asume\/#breadcrumb","itemListElement":[{"@type":"ListItem","position":1,"name":"Portada","item":"https:\/\/www.stefano-melis.com\/"},{"@type":"ListItem","position":2,"name":"Las responsabilidades clave que un consultor empresarial de alto nivel asume"}]},{"@type":"WebSite","@id":"https:\/\/www.stefano-melis.com\/#website","url":"https:\/\/www.stefano-melis.com\/","name":"Stefano Melis - Consultor estrat\u00e9gico empresarial","description":"Consulente strategico aziendale","potentialAction":[{"@type":"SearchAction","target":{"@type":"EntryPoint","urlTemplate":"https:\/\/www.stefano-melis.com\/?s={search_term_string}"},"query-input":{"@type":"PropertyValueSpecification","valueRequired":true,"valueName":"search_term_string"}}],"inLanguage":"it-IT"},{"@type":"Person","@id":"https:\/\/www.stefano-melis.com\/#\/schema\/person\/11bea5ff8647f5fe6da3357a73dace98","name":"Academia del Empresario","image":{"@type":"ImageObject","inLanguage":"it-IT","@id":"https:\/\/secure.gravatar.com\/avatar\/9b10a872fa0edad9c0afe23eec9d56795bc10cb5e16a31f09009c893cd9249cc?s=96&d=mm&r=g","url":"https:\/\/secure.gravatar.com\/avatar\/9b10a872fa0edad9c0afe23eec9d56795bc10cb5e16a31f09009c893cd9249cc?s=96&d=mm&r=g","contentUrl":"https:\/\/secure.gravatar.com\/avatar\/9b10a872fa0edad9c0afe23eec9d56795bc10cb5e16a31f09009c893cd9249cc?s=96&d=mm&r=g","caption":"Academia del Empresario"},"url":"https:\/\/www.stefano-melis.com\/it\/author\/seoinweb2021\/"}]}},"_links":{"self":[{"href":"https:\/\/www.stefano-melis.com\/it\/wp-json\/wp\/v2\/posts\/6938","targetHints":{"allow":["GET"]}}],"collection":[{"href":"https:\/\/www.stefano-melis.com\/it\/wp-json\/wp\/v2\/posts"}],"about":[{"href":"https:\/\/www.stefano-melis.com\/it\/wp-json\/wp\/v2\/types\/post"}],"author":[{"embeddable":true,"href":"https:\/\/www.stefano-melis.com\/it\/wp-json\/wp\/v2\/users\/5"}],"replies":[{"embeddable":true,"href":"https:\/\/www.stefano-melis.com\/it\/wp-json\/wp\/v2\/comments?post=6938"}],"version-history":[{"count":4,"href":"https:\/\/www.stefano-melis.com\/it\/wp-json\/wp\/v2\/posts\/6938\/revisions"}],"predecessor-version":[{"id":6943,"href":"https:\/\/www.stefano-melis.com\/it\/wp-json\/wp\/v2\/posts\/6938\/revisions\/6943"}],"wp:featuredmedia":[{"embeddable":true,"href":"https:\/\/www.stefano-melis.com\/it\/wp-json\/wp\/v2\/media\/6940"}],"wp:attachment":[{"href":"https:\/\/www.stefano-melis.com\/it\/wp-json\/wp\/v2\/media?parent=6938"}],"wp:term":[{"taxonomy":"category","embeddable":true,"href":"https:\/\/www.stefano-melis.com\/it\/wp-json\/wp\/v2\/categories?post=6938"},{"taxonomy":"post_tag","embeddable":true,"href":"https:\/\/www.stefano-melis.com\/it\/wp-json\/wp\/v2\/tags?post=6938"}],"curies":[{"name":"wp","href":"https:\/\/api.w.org\/{rel}","templated":true}]}}